{"id":315237,"date":"2021-12-09T12:42:41","date_gmt":"2021-12-09T16:42:41","guid":{"rendered":"http:\/\/diariodominicano.com\/?p=315237"},"modified":"2021-12-09T12:42:41","modified_gmt":"2021-12-09T16:42:41","slug":"desarrollo-de-la-comunidad-certifica-en-guayacanes-38-nuevas-tecnicas-en-arreglos-decorativos-y-preparacion-de-eventos","status":"publish","type":"post","link":"https:\/\/diariodominicano.com\/?p=315237","title":{"rendered":"Desarrollo de la Comunidad certifica en Guayacanes 38 nuevas t\u00e9cnicas en Arreglos Decorativos y Preparaci\u00f3n de Eventos"},"content":{"rendered":"\n<p>diariodominicano.com<\/p>\n\n\n\n<p><strong>Guayacanes, R. D.,  9 de diciembre, 2021.-  \u00a0<\/strong>La Direcci\u00f3n General de Desarrollo de la Comunidad -DGDC-, a trav\u00e9s del Departamento de Educaci\u00f3n, y en coordinaci\u00f3n con el Ayuntamiento del Municipio Guayacanes, entreg\u00f3 los certificados a 38 j\u00f3venes de la Provincia San Pedro de Macor\u00eds, que aprobaron el curso de Arreglos Decorativos y Preparaci\u00f3n de Eventos.<\/p>\n\n\n\n<p>La ceremonia de investidura de las 38 nuevas t\u00e9cnicas, se celebr\u00f3 en el local de reuniones del Cuerpo de Bomberos, y fue encabezada por el director general de Desarrollo de la Comunidad, El\u00e9xido Paula Liranzo, el alcalde del Ayuntamiento de Guayacanes, Noel Cede\u00f1o, el encargado de Educaci\u00f3n de la DGDC, Amauris Fabi\u00e1n, la maestra de manualidades Luisa Tavares y la encargada de Capacitaci\u00f3n del Ayuntamiento, Adda Cousins.<\/p>\n\n\n\n<p>En su intervenci\u00f3n, Paula Liranzo felicit\u00f3 a las graduandas, y las exhort\u00f3 a hacer uso de los conocimientos adquiridos para que organicen sus propios negocios de decoraciones y preparaciones de todo tipo de eventos, que tanta demanda tienen en los hogares, instituciones p\u00fablicas y privadas.<\/p>\n\n\n\n<p>&nbsp; \u201cHoy presentamos un proyecto muy importante para nosotros, en el mes de septiembre abrimos las puertas a un sue\u00f1o que, en el d\u00eda de hoy, es una realidad. Ustedes est\u00e1n recibiendo en sus manos un certificado que las posiciona como emprendedoras, yo me siento muy satisfecho al ver todo el esfuerzo que hicieron y decirles que no se detengan que luchen por sus sue\u00f1os\u201d, indic\u00f3 Paula Liranzo.<\/p>\n\n\n\n<p>De su lado, el alcalde del Municipio Guayacanes, Noel Cede\u00f1o, agradeci\u00f3 el apoyo recibido por parte de los directivos de la DGDC, por lo que se\u00f1al\u00f3 que la Direcci\u00f3n General de Desarrollo de la Comunidad y el Ayuntamiento de Guayacanes continuar\u00e1n trabajando en conjunto para seguir llev\u00e1ndole soluciones a las comunidades.<\/p>\n\n\n\n<p>La bienvenida estuvo a cargo de la encargada de Capacitaci\u00f3n del Ayuntamiento, Adda Cousins, mientras que las palabras de motivaci\u00f3n fueron pronunciadas por el encargado del Departamento de Educaci\u00f3n de la Direcci\u00f3n General de Desarrollo de la Comunidad, Amauris Fabi\u00e1n, quien destac\u00f3 la importancia de ese tipo de jornada para el desarrollo de las comunidades y el emprendedurismo en el pa\u00eds.<\/p>\n\n\n\n<p>La graduanda Raquel de La Cruz, habl\u00f3 en nombre de sus compa\u00f1eras agradeci\u00e9ndoles a los directivos de ambas entidades por facilitarles el curso, asegurando que ser\u00e1 de mucho provecho para ellas, momento en el cual tambi\u00e9n resalt\u00f3 el trabajo y la dedicaci\u00f3n ofrecida por la maestra de manualidades de la DGDC, Luisa Tavares.<\/p>\n\n\n\n<p>El curso sobre Arreglos Decorativos y Preparaci\u00f3n de Eventos, fue impartido de forma gratuita, dirigido a j\u00f3venes y adultas de esa localidad y comunidades aleda\u00f1as, con una duraci\u00f3n de tres meses divididos en cinco m\u00f3dulos, con un total de 48 horas.<\/p>\n\n\n\n<p>Al final del acto, el director general de Desarrollo de la Comunidad, El\u00e9xido Paula Liranzo, el alcalde Noel Cede\u00f1o, Luisa Tavares, Amauris Fabi\u00e1n, Adda Cousins y el jefe del cuerpo de bomberos del municipio, Sebasti\u00e1n Lora, entregaron los certificados de graduaci\u00f3n a las 38 estudiantes que aprobaron el curso.<\/p>\n\n\n\n<p>Fuente:  <strong>Direcci\u00f3n General de Desarrollo de la Comunidad<\/strong>\u00a0<\/p>\n","protected":false},"excerpt":{"rendered":"<p>diariodominicano.com Guayacanes, R. D., 9 de diciembre, 2021.- \u00a0La Direcci\u00f3n General de Desarrollo de la Comunidad -DGDC-, a trav\u00e9s del Departamento de Educaci\u00f3n, y en coordinaci\u00f3n con el Ayuntamiento del Municipio Guayacanes, entreg\u00f3 los certificados a 38 j\u00f3venes de la Provincia San Pedro de Macor\u00eds, que aprobaron el curso de Arreglos Decorativos y Preparaci\u00f3n de [&hellip;]<\/p>\n","protected":false},"author":5,"featured_media":315238,"comment_status":"closed","ping_status":"","sticky":true,"template":"","format":"standard","meta":{"footnotes":""},"categories":[20,27],"tags":[],"class_list":["post-315237","post","type-post","status-publish","format-standard","has-post-thumbnail","hentry","category-dominicana-hoy","category-portada"],"_links":{"self":[{"href":"https:\/\/diariodominicano.com\/index.php?rest_route=\/wp\/v2\/posts\/315237","targetHints":{"allow":["GET"]}}],"collection":[{"href":"https:\/\/diariodominicano.com\/index.php?rest_route=\/wp\/v2\/posts"}],"about":[{"href":"https:\/\/diariodominicano.com\/index.php?rest_route=\/wp\/v2\/types\/post"}],"author":[{"embeddable":true,"href":"https:\/\/diariodominicano.com\/index.php?rest_route=\/wp\/v2\/users\/5"}],"replies":[{"embeddable":true,"href":"https:\/\/diariodominicano.com\/index.php?rest_route=%2Fwp%2Fv2%2Fcomments&post=315237"}],"version-history":[{"count":1,"href":"https:\/\/diariodominicano.com\/index.php?rest_route=\/wp\/v2\/posts\/315237\/revisions"}],"predecessor-version":[{"id":315239,"href":"https:\/\/diariodominicano.com\/index.php?rest_route=\/wp\/v2\/posts\/315237\/revisions\/315239"}],"wp:featuredmedia":[{"embeddable":true,"href":"https:\/\/diariodominicano.com\/index.php?rest_route=\/wp\/v2\/media\/315238"}],"wp:attachment":[{"href":"https:\/\/diariodominicano.com\/index.php?rest_route=%2Fwp%2Fv2%2Fmedia&parent=315237"}],"wp:term":[{"taxonomy":"category","embeddable":true,"href":"https:\/\/diariodominicano.com\/index.php?rest_route=%2Fwp%2Fv2%2Fcategories&post=315237"},{"taxonomy":"post_tag","embeddable":true,"href":"https:\/\/diariodominicano.com\/index.php?rest_route=%2Fwp%2Fv2%2Ftags&post=315237"}],"curies":[{"name":"wp","href":"https:\/\/api.w.org\/{rel}","templated":true}]}}