{"id":315229,"date":"2021-12-09T12:22:37","date_gmt":"2021-12-09T16:22:37","guid":{"rendered":"http:\/\/diariodominicano.com\/?p=315229"},"modified":"2021-12-09T12:22:37","modified_gmt":"2021-12-09T16:22:37","slug":"graduan-mas-de-39-mil-jovenes-en-diferentes-carreras-tecnicas-y-auxiliares","status":"publish","type":"post","link":"https:\/\/diariodominicano.com\/?p=315229","title":{"rendered":"Grad\u00faan m\u00e1s de 39 mil j\u00f3venes en diferentes carreras t\u00e9cnicas y auxiliares"},"content":{"rendered":"\n<p>diariodominicano.com<\/p>\n\n\n\n<p><strong>Escuelas Vocacionales FF.AA.<\/strong><\/p>\n\n\n\n<p><strong>San Isidro, Santo Domingo, R. D., 9 de diciembre, 2021.-<\/strong>\u00a0El Ministro de Defensa, Teniente General Carlos Luciano D\u00edaz Morfa, ERD., encabez\u00f3 la S\u00e9ptima Graduaci\u00f3n de las Escuelas Vocacionales de las Fuerzas Armadas y de la Polic\u00eda Nacional, correspondiente al periodo acad\u00e9mico enero-diciembre 2021, en la cual fueron investidos 39,690 j\u00f3venes en carreras t\u00e9cnicas y auxiliares.<\/p>\n\n\n\n<p>Durante la ceremonia, el Ministro D\u00edaz Morfa se hizo acompa\u00f1ar por los Comandantes Generales de las Fuerzas militares y directores generales del MIDE entre ellos el General de Brigada Juan Jos\u00e9 Ota\u00f1o Jim\u00e9nez, ERD.,&nbsp; director general de las Escuelas Vocacionales (DIGEV) de las FF.AA. y la P.N., quien resalt\u00f3 durante su discurso que \u201ccon estos egresados suman 300 mil j\u00f3venes formados en el nivel t\u00e9cnico-profesional desde su creaci\u00f3n en el a\u00f1o 1966\u201d.<\/p>\n\n\n\n<p>Resalt\u00f3 que gracias al apoyo brindado por las autoridades, en la construcci\u00f3n de nuevos centros de formaci\u00f3n como el de Los Alcarrizos, Santo Domingo Oeste y de la provincia Valverde Mao, ya son 30 las escuelas vocacionales en todo el pa\u00eds, que permiten miles de j\u00f3venes se inserten al mercado laboral y emprendan sus propios negocios\u201d, cit\u00f3 el General Ota\u00f1o Jim\u00e9nez.<\/p>\n\n\n\n<div class=\"wp-block-image\"><figure class=\"alignleft size-full is-resized\"><img loading=\"lazy\" decoding=\"async\" src=\"https:\/\/diariodominicano.com\/wp-content\/uploads\/2021\/12\/enfermeras-2021-12-09-.jpeg\" alt=\"\" class=\"wp-image-315231\" width=\"402\" height=\"268\" srcset=\"https:\/\/diariodominicano.com\/wp-content\/uploads\/2021\/12\/enfermeras-2021-12-09-.jpeg 1024w, https:\/\/diariodominicano.com\/wp-content\/uploads\/2021\/12\/enfermeras-2021-12-09--300x200.jpeg 300w, https:\/\/diariodominicano.com\/wp-content\/uploads\/2021\/12\/enfermeras-2021-12-09--768x512.jpeg 768w, https:\/\/diariodominicano.com\/wp-content\/uploads\/2021\/12\/enfermeras-2021-12-09--816x543.jpeg 816w\" sizes=\"auto, (max-width: 402px) 100vw, 402px\" \/><\/figure><\/div>\n\n\n\n<p>Resalt\u00f3 adem\u00e1s, entre los recientes avances, las tareas de remoci\u00f3n y equipamiento tecnol\u00f3gico, de las Escuelas de la DIGEV y la incorporaci\u00f3n de m\u00e1s de 141 docentes al sistema de formaci\u00f3n t\u00e9cnico-profesional.<\/p>\n\n\n\n<p>Los certificados a los graduados, fueron entregados por representaci\u00f3n de los cursantes en los centros de formaci\u00f3n de Santo Domingo Este, del primer y segundo semestre, as\u00ed como del segundo semestre del programa \u201cQuisqueya Digna\u201d, tambi\u00e9n se hizo un reconocimiento especial a Patrice Guridi Merejo y Rosa Maireni P\u00e9rez Ledesma, quienes alcanzaron los \u00edndices de estudio m\u00e1s elevados de sus respectivos programas.<\/p>\n\n\n\n<p>La Lic. Maira Morla Pineda en representaci\u00f3n del Director General del Instituto Nacional de Formaci\u00f3n T\u00e9cnico Profesional (INFOTEP), destac\u00f3 en sus palabras: \u201cestamos comprometidos con ofrecer formaci\u00f3n pertinente y de calidad; j\u00f3venes, el pa\u00eds y la sociedad esperan mucho de ustedes, no olviden que la honestidad, la responsabilidad, el comportamiento \u00e9tico y la disciplina, son el soporte fundamental para lograr nuestras metas\u201d.<\/p>\n\n\n\n<p>Antes de culminar la graduaci\u00f3n, el Director General de la DIGEV, recibi\u00f3 una placa de reconocimiento por parte del Coronel Porfirio Qui\u00f1ones Cordero, ERD., (DEM) Inspector Militar de la Escuela Vocacional de Santo Domingo Este y del Mayor Junior Do\u00f1e Peralta, ERD., Encargado de Estudios, por su liderazgo y abnegada entrega, en pro del desarrollo de las Escuelas Vocacionales.<\/p>\n\n\n\n<p>En la actividad junto al Ministro D\u00edaz Morfa, estaban los Comandantes Generales del Ej\u00e9rcito, Armada y Fuerza A\u00e9rea, el Mayor General Julio Ernesto Flori\u00e1n P\u00e9rez, el Mayor General Piloto Leonel Am\u00edlcar Mu\u00f1oz Noboa, FARD., y el Vicealmirante Gustavo Betances Hern\u00e1ndez, representado en la ceremonia, por el Contralmirante Segundo Ventura Garc\u00eda, Inspector General de la ARD.<\/p>\n\n\n\n<p>Tambi\u00e9n destac\u00f3 la presencia del Mayor General T\u00e9cnico de Aviaci\u00f3n, Carlos Febrillet Rodr\u00edguez, FARD., director del CESAC, as\u00ed como del General de Brigada Paracaidista, Mauricio L. Fern\u00e1ndez Garc\u00eda, Inspector General de la Fuerza A\u00e9rea, y el Director General&nbsp; del Cuerpo M\u00e9dico y Sanidad Militar de las Fuerzas Armadas, General de Brigada M\u00e9dico, Dr. Mart\u00edn Zalazar Sim\u00f3, ERD.<\/p>\n\n\n\n<p>Fuente:  <strong>Prensa Mide<\/strong><\/p>\n\n\n\n<p><strong><em>Departamento de Prensa<\/em><\/strong><\/p>\n\n\n\n<p><em><strong>Direcci\u00f3n de Asuntos Civiles del Estado Mayor Conjunto, J5<\/strong><\/em><\/p>\n\n\n\n<p><em><strong>Ministerio de Defensa de Rep\u00fablica Dominicana<\/strong><\/em><\/p>\n","protected":false},"excerpt":{"rendered":"<p>diariodominicano.com Escuelas Vocacionales FF.AA. San Isidro, Santo Domingo, R. D., 9 de diciembre, 2021.-\u00a0El Ministro de Defensa, Teniente General Carlos Luciano D\u00edaz Morfa, ERD., encabez\u00f3 la S\u00e9ptima Graduaci\u00f3n de las Escuelas Vocacionales de las Fuerzas Armadas y de la Polic\u00eda Nacional, correspondiente al periodo acad\u00e9mico enero-diciembre 2021, en la cual fueron investidos 39,690 j\u00f3venes en [&hellip;]<\/p>\n","protected":false},"author":5,"featured_media":315230,"comment_status":"closed","ping_status":"","sticky":true,"template":"","format":"standard","meta":{"footnotes":""},"categories":[20,27],"tags":[],"class_list":["post-315229","post","type-post","status-publish","format-standard","has-post-thumbnail","hentry","category-dominicana-hoy","category-portada"],"_links":{"self":[{"href":"https:\/\/diariodominicano.com\/index.php?rest_route=\/wp\/v2\/posts\/315229","targetHints":{"allow":["GET"]}}],"collection":[{"href":"https:\/\/diariodominicano.com\/index.php?rest_route=\/wp\/v2\/posts"}],"about":[{"href":"https:\/\/diariodominicano.com\/index.php?rest_route=\/wp\/v2\/types\/post"}],"author":[{"embeddable":true,"href":"https:\/\/diariodominicano.com\/index.php?rest_route=\/wp\/v2\/users\/5"}],"replies":[{"embeddable":true,"href":"https:\/\/diariodominicano.com\/index.php?rest_route=%2Fwp%2Fv2%2Fcomments&post=315229"}],"version-history":[{"count":1,"href":"https:\/\/diariodominicano.com\/index.php?rest_route=\/wp\/v2\/posts\/315229\/revisions"}],"predecessor-version":[{"id":315233,"href":"https:\/\/diariodominicano.com\/index.php?rest_route=\/wp\/v2\/posts\/315229\/revisions\/315233"}],"wp:featuredmedia":[{"embeddable":true,"href":"https:\/\/diariodominicano.com\/index.php?rest_route=\/wp\/v2\/media\/315230"}],"wp:attachment":[{"href":"https:\/\/diariodominicano.com\/index.php?rest_route=%2Fwp%2Fv2%2Fmedia&parent=315229"}],"wp:term":[{"taxonomy":"category","embeddable":true,"href":"https:\/\/diariodominicano.com\/index.php?rest_route=%2Fwp%2Fv2%2Fcategories&post=315229"},{"taxonomy":"post_tag","embeddable":true,"href":"https:\/\/diariodominicano.com\/index.php?rest_route=%2Fwp%2Fv2%2Ftags&post=315229"}],"curies":[{"name":"wp","href":"https:\/\/api.w.org\/{rel}","templated":true}]}}