{"id":315213,"date":"2021-12-09T11:40:37","date_gmt":"2021-12-09T15:40:37","guid":{"rendered":"http:\/\/diariodominicano.com\/?p=315213"},"modified":"2021-12-09T11:40:37","modified_gmt":"2021-12-09T15:40:37","slug":"caasd-corrige-averia-debajo-de-elevado-de-la-winston-churchill","status":"publish","type":"post","link":"https:\/\/diariodominicano.com\/?p=315213","title":{"rendered":"CAASD corrige aver\u00eda debajo de elevado de la Winston Churchill"},"content":{"rendered":"\n<p>diariodominicano.com<\/p>\n\n\n\n<p><strong>Santo Domingo, R. D.,  9 de diciembre, 2021.\u2013<\/strong>El director de la Corporaci\u00f3n del Acueducto y Alcantarillado de Santo Domingo (CAASD), Felipe Suberv\u00ed, inform\u00f3 que fue corregida la aver\u00eda ocurrida debajo de una de las columnas del elevado de la avenida Winston Churchill con John F. Kennedy.<\/p>\n\n\n\n<p>Tan pronto se conoci\u00f3 del problema, el director de la CAASD dispuso la r\u00e1pida intervenci\u00f3n de la aver\u00eda, instruyendo al equipo de mantenimiento suroeste para la correcci\u00f3n de esta.<\/p>\n\n\n\n<p>\u201cLa aver\u00eda se produjo en una tuber\u00eda que estaba debajo de una de las columnas del elevado que, entendemos, no debi\u00f3 estar all\u00ed, ya que las vibraciones de los veh\u00edculos que transitan por el lugar provocar\u00edan un golpe de ariete rompiendo el tubo, tal como ha ocurrido\u201d, puntualiz\u00f3 Suberv\u00ed.<\/p>\n\n\n\n<p>Para garantizar que esto no vuelva a ocurrir, el funcionario dijo que la tuber\u00eda de 12 pulgadas fue desviada utilizando codos de 45 grados, y reforzada con tubos de acero.<\/p>\n\n\n\n<p>Un total de nueve obreros, cuatro ingenieros y un arquitecto, estuvieron trabajando durante 24 horas, desde las ocho treinta de la ma\u00f1ana del martes hasta la madrugada de este mi\u00e9rcoles para dar soluci\u00f3n a la problem\u00e1tica presentada.<\/p>\n\n\n\n<p>Suberv\u00ed destac\u00f3 que los sectores dependientes de la tuber\u00eda en la distribuci\u00f3n de agua no fueron afectados de manera dr\u00e1stica, puesto que, los trabajos fueron ejecutados de manera sectorizada y a la mayor brevedad posible.<\/p>\n\n\n\n<p>Fuente:  <strong>Prensa CAASD<\/strong><\/p>\n\n\n\n<p><strong><em>Departamento de Comunicaciones\u00a0<\/em><\/strong><br>Departamento de Comunicaciones de la Corporaci\u00f3n del Acueducto y Alcantarillado de Santo Domingo, CAASD<\/p>\n","protected":false},"excerpt":{"rendered":"<p>diariodominicano.com Santo Domingo, R. D., 9 de diciembre, 2021.\u2013El director de la Corporaci\u00f3n del Acueducto y Alcantarillado de Santo Domingo (CAASD), Felipe Suberv\u00ed, inform\u00f3 que fue corregida la aver\u00eda ocurrida debajo de una de las columnas del elevado de la avenida Winston Churchill con John F. Kennedy. Tan pronto se conoci\u00f3 del problema, el director [&hellip;]<\/p>\n","protected":false},"author":5,"featured_media":315214,"comment_status":"closed","ping_status":"","sticky":true,"template":"","format":"standard","meta":{"footnotes":""},"categories":[20,27],"tags":[],"class_list":["post-315213","post","type-post","status-publish","format-standard","has-post-thumbnail","hentry","category-dominicana-hoy","category-portada"],"_links":{"self":[{"href":"https:\/\/diariodominicano.com\/index.php?rest_route=\/wp\/v2\/posts\/315213","targetHints":{"allow":["GET"]}}],"collection":[{"href":"https:\/\/diariodominicano.com\/index.php?rest_route=\/wp\/v2\/posts"}],"about":[{"href":"https:\/\/diariodominicano.com\/index.php?rest_route=\/wp\/v2\/types\/post"}],"author":[{"embeddable":true,"href":"https:\/\/diariodominicano.com\/index.php?rest_route=\/wp\/v2\/users\/5"}],"replies":[{"embeddable":true,"href":"https:\/\/diariodominicano.com\/index.php?rest_route=%2Fwp%2Fv2%2Fcomments&post=315213"}],"version-history":[{"count":1,"href":"https:\/\/diariodominicano.com\/index.php?rest_route=\/wp\/v2\/posts\/315213\/revisions"}],"predecessor-version":[{"id":315215,"href":"https:\/\/diariodominicano.com\/index.php?rest_route=\/wp\/v2\/posts\/315213\/revisions\/315215"}],"wp:featuredmedia":[{"embeddable":true,"href":"https:\/\/diariodominicano.com\/index.php?rest_route=\/wp\/v2\/media\/315214"}],"wp:attachment":[{"href":"https:\/\/diariodominicano.com\/index.php?rest_route=%2Fwp%2Fv2%2Fmedia&parent=315213"}],"wp:term":[{"taxonomy":"category","embeddable":true,"href":"https:\/\/diariodominicano.com\/index.php?rest_route=%2Fwp%2Fv2%2Fcategories&post=315213"},{"taxonomy":"post_tag","embeddable":true,"href":"https:\/\/diariodominicano.com\/index.php?rest_route=%2Fwp%2Fv2%2Ftags&post=315213"}],"curies":[{"name":"wp","href":"https:\/\/api.w.org\/{rel}","templated":true}]}}