{"id":315203,"date":"2021-12-09T10:57:34","date_gmt":"2021-12-09T14:57:34","guid":{"rendered":"http:\/\/diariodominicano.com\/?p=315203"},"modified":"2021-12-09T10:57:34","modified_gmt":"2021-12-09T14:57:34","slug":"canciller-israeli-se-reune-con-presidente-egipcio-para-fortalecer-lazos","status":"publish","type":"post","link":"https:\/\/diariodominicano.com\/?p=315203","title":{"rendered":"Canciller israel\u00ed se re\u00fane con presidente egipcio para fortalecer lazos"},"content":{"rendered":"\n<p>diariodominicano.com<a rel=\"noreferrer noopener\" href=\"https:\/\/www.xinhua-news.com\/gdsdetailxhs\/share\/10705665-?pageflag=iframe\" target=\"_blank\"><\/a><\/p>\n\n\n\n<pre id=\"text-news-description\" class=\"wp-block-preformatted\">   JERUSAL\u00c9N, 9 dic (Xinhua) -- El ministro de Relaciones Exteriores de Israel, Yair Lapid, realiz\u00f3 este jueves una visita oficial a la capital egipcia, El Cairo, para reunirse con el presidente del pa\u00eds, Abdel-Fattah al-Sisi, en un intento por fortalecer las relaciones bilaterales.\n   \"Fortalecer las relaciones entre Israel y Egipto es de mucha importancia para Israel\", dijo Lapid en un comunicado emitido por la Canciller\u00eda de Israel.\n   La visita de un d\u00eda de Lapid tambi\u00e9n incluye una reuni\u00f3n con su hom\u00f3logo egipcio, Sameh Shoukry, seg\u00fan el comunicado.\n   Como \"gesto para fortalecer los lazos\", Lapid devolver\u00e1 a Egipto artefactos arqueol\u00f3gicos sacados ilegalmente de Egipto y confiscados por las autoridades israel\u00edes, dijo el comunicado.\n   La Canciller\u00eda de Israel dijo que la visita forma parte de \"la pol\u00edtica exterior del Gobierno israel\u00ed para impulsar los intereses comunes de la estabilidad regional\".\n   El viaje se produce despu\u00e9s de que Lapid y Shoukry hablaran por tel\u00e9fono en septiembre y acordaran fortalecer los lazos bilaterales.\n   En septiembre, Sisi recibi\u00f3 al primer ministro israel\u00ed, Naftali Bennett, en el balneario de Sharm el-Sheikh, en el mar Rojo. La reuni\u00f3n marc\u00f3 la primera visita oficial a Egipto de un l\u00edder israel\u00ed en una d\u00e9cada.\n   Antes de regresar a casa, Bennett dijo que la reuni\u00f3n fue \"importante y muy buena\" y sent\u00f3 las bases para unos \"lazos fuertes\" entre los dos pa\u00edses.\n   Egipto fue el primer pa\u00eds \u00e1rabe en firmar acuerdos de paz con Israel en 1979, tras d\u00e9cadas de enemistad. <\/pre>\n","protected":false},"excerpt":{"rendered":"<p>diariodominicano.com JERUSAL\u00c9N, 9 dic (Xinhua) &#8212; El ministro de Relaciones Exteriores de Israel, Yair Lapid, realiz\u00f3 este jueves una visita oficial a la capital egipcia, El Cairo, para reunirse con el presidente del pa\u00eds, Abdel-Fattah al-Sisi, en un intento por fortalecer las relaciones bilaterales. \u00abFortalecer las relaciones entre Israel y Egipto es de mucha importancia [&hellip;]<\/p>\n","protected":false},"author":5,"featured_media":315204,"comment_status":"closed","ping_status":"","sticky":true,"template":"","format":"standard","meta":{"footnotes":""},"categories":[23,27],"tags":[],"class_list":["post-315203","post","type-post","status-publish","format-standard","has-post-thumbnail","hentry","category-internacional","category-portada"],"_links":{"self":[{"href":"https:\/\/diariodominicano.com\/index.php?rest_route=\/wp\/v2\/posts\/315203","targetHints":{"allow":["GET"]}}],"collection":[{"href":"https:\/\/diariodominicano.com\/index.php?rest_route=\/wp\/v2\/posts"}],"about":[{"href":"https:\/\/diariodominicano.com\/index.php?rest_route=\/wp\/v2\/types\/post"}],"author":[{"embeddable":true,"href":"https:\/\/diariodominicano.com\/index.php?rest_route=\/wp\/v2\/users\/5"}],"replies":[{"embeddable":true,"href":"https:\/\/diariodominicano.com\/index.php?rest_route=%2Fwp%2Fv2%2Fcomments&post=315203"}],"version-history":[{"count":1,"href":"https:\/\/diariodominicano.com\/index.php?rest_route=\/wp\/v2\/posts\/315203\/revisions"}],"predecessor-version":[{"id":315205,"href":"https:\/\/diariodominicano.com\/index.php?rest_route=\/wp\/v2\/posts\/315203\/revisions\/315205"}],"wp:featuredmedia":[{"embeddable":true,"href":"https:\/\/diariodominicano.com\/index.php?rest_route=\/wp\/v2\/media\/315204"}],"wp:attachment":[{"href":"https:\/\/diariodominicano.com\/index.php?rest_route=%2Fwp%2Fv2%2Fmedia&parent=315203"}],"wp:term":[{"taxonomy":"category","embeddable":true,"href":"https:\/\/diariodominicano.com\/index.php?rest_route=%2Fwp%2Fv2%2Fcategories&post=315203"},{"taxonomy":"post_tag","embeddable":true,"href":"https:\/\/diariodominicano.com\/index.php?rest_route=%2Fwp%2Fv2%2Ftags&post=315203"}],"curies":[{"name":"wp","href":"https:\/\/api.w.org\/{rel}","templated":true}]}}