{"id":315163,"date":"2021-12-09T01:36:27","date_gmt":"2021-12-09T05:36:27","guid":{"rendered":"http:\/\/diariodominicano.com\/?p=315163"},"modified":"2021-12-09T10:07:33","modified_gmt":"2021-12-09T14:07:33","slug":"monsenor-faustino-burgos-brisman-llama-a-retomar-el-sentido-de-la-navidad-y-dejar-el-consumismo","status":"publish","type":"post","link":"https:\/\/diariodominicano.com\/?p=315163","title":{"rendered":"Monse\u00f1or Faustino Burgos Brisman llama a retomar el sentido de la Navidad y dejar el consumismo"},"content":{"rendered":"\n<p>diariodominicano.com<\/p>\n\n\n\n<p>Santo Domingo Oeste, R. D., 9 de diciembre, 2021.-&nbsp; El Obispo Auxiliar de Santo Domingo y encargado de la Vicar\u00eda Episcopal Territorial Oeste, monse\u00f1or Faustino Burgos Brisman llama a retomar el sentido de la Navidad y dejar el consumismo.<\/p>\n\n\n\n<p>Indic\u00f3 que si la gente conociera el verdadero sentido de la Navidad, que es el nacimiento de Jes\u00fas las iglesias estuvieran llenas, en lugar de las tiendas donde la gente va a comprar cosas que a veces no necesita.<\/p>\n\n\n\n<div class=\"wp-block-image\"><figure class=\"alignleft size-large is-resized\"><img decoding=\"async\" src=\"https:\/\/diariodominicano.com\/wp-content\/uploads\/2021\/12\/misainmaculada9-12-21-1-1024x768.jpg\" alt=\"\" class=\"wp-image-315193\" width=\"-736\" height=\"-552\" srcset=\"https:\/\/diariodominicano.com\/wp-content\/uploads\/2021\/12\/misainmaculada9-12-21-1-1024x768.jpg 1024w, https:\/\/diariodominicano.com\/wp-content\/uploads\/2021\/12\/misainmaculada9-12-21-1-300x225.jpg 300w, https:\/\/diariodominicano.com\/wp-content\/uploads\/2021\/12\/misainmaculada9-12-21-1-768x576.jpg 768w, https:\/\/diariodominicano.com\/wp-content\/uploads\/2021\/12\/misainmaculada9-12-21-1-1536x1152.jpg 1536w, https:\/\/diariodominicano.com\/wp-content\/uploads\/2021\/12\/misainmaculada9-12-21-1-2048x1536.jpg 2048w, https:\/\/diariodominicano.com\/wp-content\/uploads\/2021\/12\/misainmaculada9-12-21-1-816x612.jpg 816w\" sizes=\"(max-width: 1024px) 100vw, 1024px\" \/><\/figure><\/div>\n\n\n\n<p>En la homil\u00eda de la misa, con motivo del d\u00eda de la advocaci\u00f3n mariana de la Inmaculada Concepci\u00f3n en el sector San Miguel de Manoguayabo, Burgos Brisman dijo que la Virgen invita a buscar a Jes\u00fas y dejar todo aquello que nubla los sentidos como las drogas, el alcohol y la vida desordenada.<\/p>\n\n\n\n<p>Explic\u00f3 que el adviento es un alerta, para decirnos \u00abdespierta que no se te embote la mente y el coraz\u00f3n y comience a llenarse de ego\u00edsmo, de soberbia y de vanidad\u00bb.<\/p>\n\n\n\n<p>En la eucarist\u00eda participaron como concelebrante el padre H\u00e9ctor Bienvenido Cabral y el diacono D\u00e1maso Piantini y decenas de feligreses.<\/p>\n\n\n\n<p>La Vicar\u00eda Episcopal Territorial Oeste cuenta con 27 parroquias divida en tres zonas pastorales, Herrera-Manoguayabo, Herrera-Divina Misericordia y Los Alcarrizos &#8211; Pedro Brand.<\/p>\n","protected":false},"excerpt":{"rendered":"<p>diariodominicano.com Santo Domingo Oeste, R. D., 9 de diciembre, 2021.-&nbsp; El Obispo Auxiliar de Santo Domingo y encargado de la Vicar\u00eda Episcopal Territorial Oeste, monse\u00f1or Faustino Burgos Brisman llama a retomar el sentido de la Navidad y dejar el consumismo. Indic\u00f3 que si la gente conociera el verdadero sentido de la Navidad, que es el [&hellip;]<\/p>\n","protected":false},"author":5,"featured_media":315196,"comment_status":"closed","ping_status":"","sticky":true,"template":"","format":"standard","meta":{"footnotes":""},"categories":[20,27],"tags":[],"class_list":["post-315163","post","type-post","status-publish","format-standard","has-post-thumbnail","hentry","category-dominicana-hoy","category-portada"],"_links":{"self":[{"href":"https:\/\/diariodominicano.com\/index.php?rest_route=\/wp\/v2\/posts\/315163","targetHints":{"allow":["GET"]}}],"collection":[{"href":"https:\/\/diariodominicano.com\/index.php?rest_route=\/wp\/v2\/posts"}],"about":[{"href":"https:\/\/diariodominicano.com\/index.php?rest_route=\/wp\/v2\/types\/post"}],"author":[{"embeddable":true,"href":"https:\/\/diariodominicano.com\/index.php?rest_route=\/wp\/v2\/users\/5"}],"replies":[{"embeddable":true,"href":"https:\/\/diariodominicano.com\/index.php?rest_route=%2Fwp%2Fv2%2Fcomments&post=315163"}],"version-history":[{"count":6,"href":"https:\/\/diariodominicano.com\/index.php?rest_route=\/wp\/v2\/posts\/315163\/revisions"}],"predecessor-version":[{"id":315202,"href":"https:\/\/diariodominicano.com\/index.php?rest_route=\/wp\/v2\/posts\/315163\/revisions\/315202"}],"wp:featuredmedia":[{"embeddable":true,"href":"https:\/\/diariodominicano.com\/index.php?rest_route=\/wp\/v2\/media\/315196"}],"wp:attachment":[{"href":"https:\/\/diariodominicano.com\/index.php?rest_route=%2Fwp%2Fv2%2Fmedia&parent=315163"}],"wp:term":[{"taxonomy":"category","embeddable":true,"href":"https:\/\/diariodominicano.com\/index.php?rest_route=%2Fwp%2Fv2%2Fcategories&post=315163"},{"taxonomy":"post_tag","embeddable":true,"href":"https:\/\/diariodominicano.com\/index.php?rest_route=%2Fwp%2Fv2%2Ftags&post=315163"}],"curies":[{"name":"wp","href":"https:\/\/api.w.org\/{rel}","templated":true}]}}