{"id":315160,"date":"2021-12-08T23:47:50","date_gmt":"2021-12-09T03:47:50","guid":{"rendered":"http:\/\/diariodominicano.com\/?p=315160"},"modified":"2021-12-08T23:47:50","modified_gmt":"2021-12-09T03:47:50","slug":"sismo-de-magnitud-60-sacude-prefectura-japonesa-de-kagoshima-sin-emitir-advertencia-de-tsunami","status":"publish","type":"post","link":"https:\/\/diariodominicano.com\/?p=315160","title":{"rendered":"Sismo de magnitud 6,0 sacude prefectura japonesa de Kagoshima, sin emitir advertencia de tsunami"},"content":{"rendered":"\n<p>diariodominicano.com<\/p>\n\n\n\n<pre id=\"text-news-description\" class=\"wp-block-preformatted\">   TOKIO, 9 dic (Xinhua) -- Un sismo de magnitud 6,0 en la escala de Richter azot\u00f3 hoy jueves la prefectura japonesa de Kagoshima, inform\u00f3 la Agencia Meteorol\u00f3gica de Jap\u00f3n (JMA, siglas en ingles).\n   El temblor se registr\u00f3 a las 11:05 hora local y tuvo su epicentro a los 29,4 grados de latitud norte y los 129,4 grados de longitud este, a una profundidad de 20 kil\u00f3metros.\n   El movimiento tel\u00farico tuvo una intensidad del nivel 5 superior en la escala s\u00edsmica japonesa, de un m\u00e1ximo de siete, en algunas partes de la prefectura de Tokio.\n   Por el momento, no se ha emitido advertencia de tsunami. <\/pre>\n","protected":false},"excerpt":{"rendered":"<p>diariodominicano.com TOKIO, 9 dic (Xinhua) &#8212; Un sismo de magnitud 6,0 en la escala de Richter azot\u00f3 hoy jueves la prefectura japonesa de Kagoshima, inform\u00f3 la Agencia Meteorol\u00f3gica de Jap\u00f3n (JMA, siglas en ingles). El temblor se registr\u00f3 a las 11:05 hora local y tuvo su epicentro a los 29,4 grados de latitud norte y [&hellip;]<\/p>\n","protected":false},"author":5,"featured_media":315161,"comment_status":"closed","ping_status":"","sticky":true,"template":"","format":"standard","meta":{"footnotes":""},"categories":[23,27],"tags":[],"class_list":["post-315160","post","type-post","status-publish","format-standard","has-post-thumbnail","hentry","category-internacional","category-portada"],"_links":{"self":[{"href":"https:\/\/diariodominicano.com\/index.php?rest_route=\/wp\/v2\/posts\/315160","targetHints":{"allow":["GET"]}}],"collection":[{"href":"https:\/\/diariodominicano.com\/index.php?rest_route=\/wp\/v2\/posts"}],"about":[{"href":"https:\/\/diariodominicano.com\/index.php?rest_route=\/wp\/v2\/types\/post"}],"author":[{"embeddable":true,"href":"https:\/\/diariodominicano.com\/index.php?rest_route=\/wp\/v2\/users\/5"}],"replies":[{"embeddable":true,"href":"https:\/\/diariodominicano.com\/index.php?rest_route=%2Fwp%2Fv2%2Fcomments&post=315160"}],"version-history":[{"count":1,"href":"https:\/\/diariodominicano.com\/index.php?rest_route=\/wp\/v2\/posts\/315160\/revisions"}],"predecessor-version":[{"id":315162,"href":"https:\/\/diariodominicano.com\/index.php?rest_route=\/wp\/v2\/posts\/315160\/revisions\/315162"}],"wp:featuredmedia":[{"embeddable":true,"href":"https:\/\/diariodominicano.com\/index.php?rest_route=\/wp\/v2\/media\/315161"}],"wp:attachment":[{"href":"https:\/\/diariodominicano.com\/index.php?rest_route=%2Fwp%2Fv2%2Fmedia&parent=315160"}],"wp:term":[{"taxonomy":"category","embeddable":true,"href":"https:\/\/diariodominicano.com\/index.php?rest_route=%2Fwp%2Fv2%2Fcategories&post=315160"},{"taxonomy":"post_tag","embeddable":true,"href":"https:\/\/diariodominicano.com\/index.php?rest_route=%2Fwp%2Fv2%2Ftags&post=315160"}],"curies":[{"name":"wp","href":"https:\/\/api.w.org\/{rel}","templated":true}]}}