{"id":315130,"date":"2021-12-08T23:00:07","date_gmt":"2021-12-09T03:00:07","guid":{"rendered":"http:\/\/diariodominicano.com\/?p=315130"},"modified":"2021-12-08T23:38:35","modified_gmt":"2021-12-09T03:38:35","slug":"presidente-luis-abinader-resalta-que-rd-es-una-apuesta-segura-para-la-inversion","status":"publish","type":"post","link":"https:\/\/diariodominicano.com\/?p=315130","title":{"rendered":"Presidente Luis Abinader resalta que RD es una apuesta segura para la inversi\u00f3n"},"content":{"rendered":"\n<p>diariodominicano.com<\/p>\n\n\n\n<p>Santo Domingo, R. D., 8 de diciembre, 2021.-  El presidente Luis Abinader garantiz\u00f3 este mi\u00e9rcoles que la Rep\u00fablica Dominicana es una apuesta segura para la inversi\u00f3n, tras resaltar el manejo&nbsp; ejemplar de la pandemia en la regi\u00f3n, \u00edndices de crecimiento de dos d\u00edgitos, posibilidad de inversi\u00f3n en sectores punteros de futuro y la seguridad jur\u00eddica.<\/p>\n\n\n\n<p>Al exponer como orador invitado y hu\u00e9sped de honor de la C\u00e1mara Americana de Comercio de la Rep\u00fablica Dominicana (AMCHAMDR), tambi\u00e9n destac\u00f3 que el pa\u00eds cuenta con instrumentos de cooperaci\u00f3n e incentivos a la actividad econ\u00f3mica que generan empleos, por lo que est\u00e1 dispuesto a ser l\u00edder y referente en crecimiento, as\u00ed como en desarrollo.<\/p>\n\n\n\n<p>\u201cInviertan, vis\u00edtennos, apoyen y apuesten por este pa\u00eds. Es una apuesta segura. Se lo garantizo\u201d, exalt\u00f3 el gobernante.<\/p>\n\n\n\n<p>Puso como ejemplo las bondades del pa\u00eds para la inversi\u00f3n en el pa\u00eds, el hecho de que vivamos en una de las democracias m\u00e1s estables, con combate a la corrupci\u00f3n.<\/p>\n\n\n\n<p>Expuso que el paradigma pospandemia a\u00fan se encuentra en construcci\u00f3n, pero que ya se ven algunos indicios de cambios estructurales que impactan la forma en que se producen, distribuyen y consumen los bienes y servicios.<\/p>\n\n\n\n<p>Subray\u00f3 que para finales de este a\u00f1o la econom\u00eda dominicana habr\u00e1 recuperado la totalidad de los empleos perdidos durante la pandemia de COVID-19, y logrado crecer un 11%, negando as\u00ed todo el efecto de la pandemia.<\/p>\n\n\n\n<p>Se refiri\u00f3 que eso es el equivalente de crecer a una tasa del 4% durante la pandemia.<\/p>\n\n\n\n<p>Como parte de las acciones frente al COVID-19, inform\u00f3 que se ha vacunado completamente al 64.8% de la poblaci\u00f3n objetivo, lo que ha permitido reducir las medidas de distanciamiento social y relanzar la econom\u00eda, en particular el turismo.<\/p>\n\n\n\n<p>El jefe de Estado consider\u00f3 que la AMCHAMRD es un importante referente y colaborador del Gobierno, y que trabajan juntos para la mejora del clima de negocios, el aprovechamiento del \u201cnearshoring\u201d y para afianzar la posici\u00f3n de Rep\u00fablica Dominicana como el hub comercial y log\u00edstico del Caribe.<\/p>\n\n\n\n<p><strong>Combate a corrupci\u00f3n<\/strong><\/p>\n\n\n\n<p>Cit\u00f3 la medici\u00f3n del Instituto Internacional para la Democracia y la Asistencia Electoral (IDEA), en 2020&nbsp; donde indica que el pa\u00eds pas\u00f3 de ser clasificado como una \u201cdemocracia d\u00e9bil\u201d, a ser catalogado como una \u201cdemocracia de desempe\u00f1o medio\u201d, por primera vez desde inicio de siglo.<\/p>\n\n\n\n<p>Agreg\u00f3 que la Rep\u00fablica Dominicana fue, por mucho, el pa\u00eds de la regi\u00f3n que m\u00e1s aument\u00f3 su puntaje en el \u00cdndice de Capacidad para Combatir la Corrupci\u00f3n (CCC), correspondiente al a\u00f1o 2021.<\/p>\n\n\n\n<p>Insisti\u00f3 en que por primera vez en la historia del pa\u00eds el Ministerio P\u00fablico es independiente del poder pol\u00edtico, una de las reivindicaciones m\u00e1s significativas de los movimientos sociales y la sociedad civil.<\/p>\n\n\n\n<p>En las acciones por la trasparencia mencion\u00f3 la creaci\u00f3n de un Programa de Cumplimiento Normativo de Contrataci\u00f3n P\u00fablica y Comit\u00e9s de Seguimiento; la aprobaci\u00f3n de un Plan General de Reforma y Modernizaci\u00f3n de la Administraci\u00f3n P\u00fablica.<\/p>\n\n\n\n<p>Asimismo, m\u00e1s recientemente, la promulgaci\u00f3n de la nueva Ley de Aduanas y la Ley de Mejora Regulatoria y Simplificaci\u00f3n de Tr\u00e1mites.<\/p>\n\n\n\n<p>Abinader dijo que tambi\u00e9n trabajan en un proyecto de ley que modificar\u00e1 la Contralor\u00eda de la Rep\u00fablica para hacerla m\u00e1s efectiva.<\/p>\n\n\n\n<p>Por igual, a\u00f1adi\u00f3,&nbsp; trabajan con expertos y gobiernos amigos como el de Estados Unidos para reformar y modernizar la Polic\u00eda Nacional.<\/p>\n\n\n\n<p><strong>Democracia estable<\/strong><\/p>\n\n\n\n<p>\u201cNuestro pa\u00eds tiene una de las democracias m\u00e1s estables y con mayor crecimiento econ\u00f3mico de la regi\u00f3n\u201d, sostuvo el presidente Abinader.<\/p>\n\n\n\n<p>Dijo que esto se produce en un contexto de convulsi\u00f3n pol\u00edtica, econ\u00f3mica, social y cultural para Am\u00e9rica Latina y el Caribe, donde parte de la regi\u00f3n se aleja de la estabilidad que hab\u00eda logrado desde fines de la d\u00e9cada de los noventa.<\/p>\n\n\n\n<p>En \u00e1reas donde a la regi\u00f3n destacaba, como son los procesos electorales y el pluralismo pol\u00edtico, as\u00ed como el respeto a las libertades civiles, se ha visto una regresi\u00f3n con alarmantes tendencias autoritarias.<\/p>\n\n\n\n<p>\u201cLa crisis de la democracia se ha agravado con el COVID \u201319. En muchos casos, el estado de emergencia durante la crisis permiti\u00f3 que reg\u00edmenes represivos y l\u00edderes populistas redujeran los niveles de transparencia, promovieron informaci\u00f3n enga\u00f1osa o deliberadamente falsa y restringieron las cr\u00edticas sobre el manejo de la pandemia\u201d, manifest\u00f3.<\/p>\n\n\n\n<p>Sin embargo, afirm\u00f3, en medio de esta convulsi\u00f3n, Rep\u00fablica Dominicana ha mantenido la estabilidad democr\u00e1tica, el respeto a los derechos civiles y la senda del progreso econ\u00f3mico.<\/p>\n\n\n\n<p><strong>Inversi\u00f3n extranjera<\/strong><\/p>\n\n\n\n<p>El presidente Abinader resalt\u00f3 que otra prioridad inmediata del Gobierno es impulsar la inversi\u00f3n extranjera directa y las exportaciones, un objetivo incluso antes de la pandemia.<\/p>\n\n\n\n<p>\u201cEsperamos que este a\u00f1o captemos otros 3 mil millones de d\u00f3lares en Inversi\u00f3n Extranjera Directa (IED). El a\u00f1o pasado, EE. UU fue la fuente del 30% de la IED en Rep\u00fablica Dominicana\u201d, indic\u00f3.<\/p>\n\n\n\n<p>Expres\u00f3 que est\u00e1n trabajando para captar mayor inversi\u00f3n de EE. UU, tras indicar que un aumento de las exportaciones dominicanas a esa naci\u00f3n tambi\u00e9n aumenta los empleos<\/p>\n\n\n\n<p>Para potenciar las relaciones con EE. UU cont\u00f3 que han impulsado junto a Costa Rica y Panam\u00e1, la \u201cAlianza para el Desarrollo en Democracia\u201d, con tres \u00e1reas de acci\u00f3n: pol\u00edtica, cooperaci\u00f3n y econom\u00eda.<\/p>\n\n\n\n<p>Adelant\u00f3 que este pr\u00f3ximo fin de semana se reunir\u00e1n en Puerto Plata para dar seguimiento a los trabajos e impulsar nuevas iniciativas.<\/p>\n\n\n\n<p>\u201cCabe resaltar que el intercambio comercial total con EE. UU de nuestras tres econom\u00edas nos colocar\u00eda, si fu\u00e9ramos un solo pa\u00eds, como el tercer socio de EE. UU, con m\u00e1s de 86,000 millones de d\u00f3lares en los \u00faltimos dos a\u00f1os y medio. Esto convierte a nuestra alianza en un evento significativo en la regi\u00f3n\u201d, realz\u00f3.<\/p>\n\n\n\n<p><strong>Relaciones con EE. UU<\/strong><\/p>\n\n\n\n<p>El presidente Abinader valor\u00f3 que la relaci\u00f3n con los Estados Unidos es especialmente estrat\u00e9gica para el pa\u00eds.<\/p>\n\n\n\n<p>\u201cNuestro gobierno y quien les habla, hemos mostrado la voluntad y la disposici\u00f3n de fortalecerlas y potenciarlas\u201d, puntualiz\u00f3.&nbsp;<\/p>\n\n\n\n<p>Puso como ejemplo de estas relaciones, la invitaci\u00f3n del presidente Joe Biden a su gobierno para participar con un papel estelar en la Cumbre por la Democracia a celebrarse ma\u00f1ana y pasado.<\/p>\n\n\n\n<p>Signific\u00f3 que en l\u00ednea con la intenci\u00f3n estadounidense de revisar su cadena de suministro para sectores estrat\u00e9gicos, el gobierno est\u00e1 creando las condiciones para que las empresas que buscan producir m\u00e1s cerca de Estados Unidos lo puedan hacer desde el territorio dominicano.<\/p>\n\n\n\n<p>Cree que de los sectores identificados por el informe \u201cRevisi\u00f3n de la cadena de suministro de 100 d\u00edas\u201d ordenado por el presidente Biden, hay oportunidades para el pa\u00eds, entre muchos otros en: bater\u00edas de gran capacidad, equipos de protecci\u00f3n personal y productos m\u00e9dicos.<\/p>\n\n\n\n<p>Record\u00f3 que en l\u00ednea con esa estrategia, el gobierno emiti\u00f3 un Decreto 621-12, que instruye al Ministerio de Industria Comercio y Mipymes, al Ministerio de Relaciones Exteriores y al Consejo Nacional de Competitividad a preparar un informe en 90 d\u00edas, para identificar las oportunidades y desaf\u00edos surgidos para Rep\u00fablica Dominicana a ra\u00edz de la reconfiguraci\u00f3n de las cadenas globales de suministro y valor.<\/p>\n\n\n\n<p>Igualmente, el aprovechamiento de proximidades geogr\u00e1ficas (nearshoring), en consulta con el sector privado, el cual estar\u00e1 listo en los pr\u00f3ximos d\u00edas.<\/p>\n\n\n\n<p>Hizo hincapi\u00e9 en que el Ministerio de Industria y Comercio se ha venido reuniendo desde hace tiempo con empresas estadounidenses que actualmente tiene su producci\u00f3n en Asia, pero que est\u00e1n interesadas en aprovechar el DR-CAFTA, el memorando de entendimiento y la cercan\u00eda del pa\u00eds con Estados Unidos.<\/p>\n\n\n\n<p><strong>Econom\u00eda de m\u00e1s r\u00e1pido crecimiento<\/strong><\/p>\n\n\n\n<p>De su lado, el vicepresidente ejecutivo de AMCHAMDR, William Malamud, expres\u00f3 que a pesar de los desaf\u00edos generados por la pandemia, la econom\u00eda de Rep\u00fablica Dominicana es la de m\u00e1s r\u00e1pido crecimiento del hemisferio, exportaciones r\u00e9cord, un sector del turismo en camino a establecer un nuevo r\u00e9cord y aumento de la inversi\u00f3n extranjera.<\/p>\n\n\n\n<p>\u201cPara nuestra c\u00e1mara ha sido inmensamente gratificante trabajar de la mano con una administraci\u00f3n que comparte las mismas prioridades. Ante todo, la democracia y el estado de derecho\u201d, dijo Malamud.<\/p>\n\n\n\n<p>En tanto, el presidente de AMCHAMDR, Roberto Herrera, coincidi\u00f3 en apuntar a las grandes oportunidades de crecimiento que presenta el pa\u00eds, gracias a la estabilidad y predictibilidad que atesora, como demuestran los principales indicadores internacionales.<\/p>\n\n\n\n<p>\u201cSi vinculamos la colaboraci\u00f3n p\u00fablico-privada con la relaci\u00f3n bilateral que venimos cultivando con Estados Unidos, podemos convertir la siguiente d\u00e9cada en un aut\u00e9ntico ciclo de crecimiento y modernizaci\u00f3n para nuestro pa\u00eds. Incluido, por supuesto, alcanzar la creaci\u00f3n de los 600,000 nuevos puestos de empleo que el presidente Abinader se\u00f1ala como una meta realista para el sector privado\u201d, se\u00f1al\u00f3 Herrera.<\/p>\n\n\n\n<p>Manifest\u00f3 que AMCHAMDR abre las puertas a este proceso de crecimiento en alianza con el sector p\u00fablico, fruto de lo cual han surgido importantes iniciativas como las mesas de Log\u00edstica, Nearshoring, Burocracia 0 y Transformaci\u00f3n digital que son colideradas por el Ministerio de la Presidencia y AMCHAMDR; y entre cuyos logros se destacan los avances en el servicio Despacho 24 horas de Aduanas y la regulaci\u00f3n del teletrabajo.<\/p>\n\n\n\n<p>Acompa\u00f1aron al mandatario el presidente del Senado, Eduardo Estrella; los ministros de la Presidencia, Lisandro Macarrulla; de Relaciones Exteriores, Roberto \u00c1lvarez; de Industria, Comercio y Mipymes, V\u00edctor -Ito- Bison\u00f3 y de Trabajo, Luis Miguel de Camps y el director general de Aduanas, Eduardo Sanz Lovat\u00f3n.<\/p>\n\n\n\n<p>Al finalizar la actividad, el presidente Abinader particip\u00f3 en di\u00e1logo en el que respondi\u00f3 inquietudes sobre independencia del ministerio p\u00fablico, transformaci\u00f3n digital, g\u00e9nero e inclusi\u00f3n, energ\u00edas renovables y pacto el\u00e9ctrico, que fueron planteadas por AMCHAMDR.<\/p>\n\n\n\n<p>Fuente: Direcci\u00f3n de Estrategia y Comunicaci\u00f3n Gubernamental<\/p>\n\n\n\n<p>Ministerio Administrativo de la Presidencia de la Rep\u00fablica Dominicana<\/p>\n","protected":false},"excerpt":{"rendered":"<p>diariodominicano.com Santo Domingo, R. D., 8 de diciembre, 2021.- El presidente Luis Abinader garantiz\u00f3 este mi\u00e9rcoles que la Rep\u00fablica Dominicana es una apuesta segura para la inversi\u00f3n, tras resaltar el manejo&nbsp; ejemplar de la pandemia en la regi\u00f3n, \u00edndices de crecimiento de dos d\u00edgitos, posibilidad de inversi\u00f3n en sectores punteros de futuro y la seguridad [&hellip;]<\/p>\n","protected":false},"author":5,"featured_media":315137,"comment_status":"closed","ping_status":"","sticky":true,"template":"","format":"standard","meta":{"footnotes":""},"categories":[20,27],"tags":[],"class_list":["post-315130","post","type-post","status-publish","format-standard","has-post-thumbnail","hentry","category-dominicana-hoy","category-portada"],"_links":{"self":[{"href":"https:\/\/diariodominicano.com\/index.php?rest_route=\/wp\/v2\/posts\/315130","targetHints":{"allow":["GET"]}}],"collection":[{"href":"https:\/\/diariodominicano.com\/index.php?rest_route=\/wp\/v2\/posts"}],"about":[{"href":"https:\/\/diariodominicano.com\/index.php?rest_route=\/wp\/v2\/types\/post"}],"author":[{"embeddable":true,"href":"https:\/\/diariodominicano.com\/index.php?rest_route=\/wp\/v2\/users\/5"}],"replies":[{"embeddable":true,"href":"https:\/\/diariodominicano.com\/index.php?rest_route=%2Fwp%2Fv2%2Fcomments&post=315130"}],"version-history":[{"count":2,"href":"https:\/\/diariodominicano.com\/index.php?rest_route=\/wp\/v2\/posts\/315130\/revisions"}],"predecessor-version":[{"id":315159,"href":"https:\/\/diariodominicano.com\/index.php?rest_route=\/wp\/v2\/posts\/315130\/revisions\/315159"}],"wp:featuredmedia":[{"embeddable":true,"href":"https:\/\/diariodominicano.com\/index.php?rest_route=\/wp\/v2\/media\/315137"}],"wp:attachment":[{"href":"https:\/\/diariodominicano.com\/index.php?rest_route=%2Fwp%2Fv2%2Fmedia&parent=315130"}],"wp:term":[{"taxonomy":"category","embeddable":true,"href":"https:\/\/diariodominicano.com\/index.php?rest_route=%2Fwp%2Fv2%2Fcategories&post=315130"},{"taxonomy":"post_tag","embeddable":true,"href":"https:\/\/diariodominicano.com\/index.php?rest_route=%2Fwp%2Fv2%2Ftags&post=315130"}],"curies":[{"name":"wp","href":"https:\/\/api.w.org\/{rel}","templated":true}]}}