{"id":315092,"date":"2021-12-08T22:31:07","date_gmt":"2021-12-09T02:31:07","guid":{"rendered":"http:\/\/diariodominicano.com\/?p=315092"},"modified":"2021-12-08T22:31:07","modified_gmt":"2021-12-09T02:31:07","slug":"ops-insta-a-acelerar-acceso-a-vacunas-contra-covid-19-ante-surgimiento-de-nuevas-variantes","status":"publish","type":"post","link":"https:\/\/diariodominicano.com\/?p=315092","title":{"rendered":"OPS insta a acelerar acceso a vacunas contra COVID-19 ante surgimiento de nuevas variantes"},"content":{"rendered":"\n<p>diariodominicano.com<a rel=\"noreferrer noopener\" href=\"https:\/\/www.xinhua-news.com\/gdsdetailxhs\/share\/10702733-?pageflag=iframe\" target=\"_blank\"><\/a><\/p>\n\n\n\n<pre id=\"text-news-description\" class=\"wp-block-preformatted\">   BUENOS AIRES, 8 dic (Xinhua) -- La Organizaci\u00f3n Panamericana de la Salud (OPS) inst\u00f3 hoy mi\u00e9rcoles a acelerar el acceso a las vacunas contra la enfermedad del nuevo coronavirus (COVID-19), ante el surgimiento de nuevas variantes de la enfermedad.\n   \"La variante \u00f3micron se ha detectado en seis pa\u00edses de la regi\u00f3n y muchos pa\u00edses a\u00fan no han alcanzado la meta de cobertura de la vacunaci\u00f3n de 40 por ciento\", dijo la OPS a trav\u00e9s de un comunicado.\n   En este contexto, la directora del organismo continental, Carissa F. Etienne, afirm\u00f3 que acelerar el acceso a las vacunas ser\u00e1 fundamental para proteger a la poblaci\u00f3n y, en especial, a las personas m\u00e1s vulnerables.\n   \"La aparici\u00f3n de una nueva variante no significa necesariamente un empeoramiento de la situaci\u00f3n, pero s\u00ed significa que debemos aumentar las precauciones\", dijo Etienne durante una conferencia de prensa, instando a continuar con las medidas de salud p\u00fablica y la vacunaci\u00f3n.\n   De acuerdo con un reporte de la OPS, la semana pasada se notificaron m\u00e1s de 782.655 casos nuevos de COVID-19 y 10.950 muertes conexas en la regi\u00f3n de las Am\u00e9ricas, pero solamente 55 por ciento de la poblaci\u00f3n de Am\u00e9rica Latina y el Caribe est\u00e1 completamente vacunada.\n   Etienne sostuvo que la regi\u00f3n est\u00e1 trabajando contra reloj para proteger a las personas de este virus, pero pidi\u00f3 una estrategia a largo plazo que tenga en cuenta cu\u00e1nto dura la protecci\u00f3n brindada por las vacunas, su impacto en diferentes grupos etarios y el comportamiento de las nuevas variantes.\n   \"Los primeros en recibir una vacuna contra la COVID-19 deben ser los grupos de poblaci\u00f3n vulnerables, como los pueblos ind\u00edgenas, las personas mayores y las personas con afecciones de salud subyacentes que aumentan el riesgo de enfermar gravemente por la COVID-19\", afirm\u00f3. <\/pre>\n","protected":false},"excerpt":{"rendered":"<p>diariodominicano.com BUENOS AIRES, 8 dic (Xinhua) &#8212; La Organizaci\u00f3n Panamericana de la Salud (OPS) inst\u00f3 hoy mi\u00e9rcoles a acelerar el acceso a las vacunas contra la enfermedad del nuevo coronavirus (COVID-19), ante el surgimiento de nuevas variantes de la enfermedad. \u00abLa variante \u00f3micron se ha detectado en seis pa\u00edses de la regi\u00f3n y muchos pa\u00edses [&hellip;]<\/p>\n","protected":false},"author":5,"featured_media":315111,"comment_status":"closed","ping_status":"","sticky":true,"template":"","format":"standard","meta":{"footnotes":""},"categories":[23,27],"tags":[],"class_list":["post-315092","post","type-post","status-publish","format-standard","has-post-thumbnail","hentry","category-internacional","category-portada"],"_links":{"self":[{"href":"https:\/\/diariodominicano.com\/index.php?rest_route=\/wp\/v2\/posts\/315092","targetHints":{"allow":["GET"]}}],"collection":[{"href":"https:\/\/diariodominicano.com\/index.php?rest_route=\/wp\/v2\/posts"}],"about":[{"href":"https:\/\/diariodominicano.com\/index.php?rest_route=\/wp\/v2\/types\/post"}],"author":[{"embeddable":true,"href":"https:\/\/diariodominicano.com\/index.php?rest_route=\/wp\/v2\/users\/5"}],"replies":[{"embeddable":true,"href":"https:\/\/diariodominicano.com\/index.php?rest_route=%2Fwp%2Fv2%2Fcomments&post=315092"}],"version-history":[{"count":1,"href":"https:\/\/diariodominicano.com\/index.php?rest_route=\/wp\/v2\/posts\/315092\/revisions"}],"predecessor-version":[{"id":315113,"href":"https:\/\/diariodominicano.com\/index.php?rest_route=\/wp\/v2\/posts\/315092\/revisions\/315113"}],"wp:featuredmedia":[{"embeddable":true,"href":"https:\/\/diariodominicano.com\/index.php?rest_route=\/wp\/v2\/media\/315111"}],"wp:attachment":[{"href":"https:\/\/diariodominicano.com\/index.php?rest_route=%2Fwp%2Fv2%2Fmedia&parent=315092"}],"wp:term":[{"taxonomy":"category","embeddable":true,"href":"https:\/\/diariodominicano.com\/index.php?rest_route=%2Fwp%2Fv2%2Fcategories&post=315092"},{"taxonomy":"post_tag","embeddable":true,"href":"https:\/\/diariodominicano.com\/index.php?rest_route=%2Fwp%2Fv2%2Ftags&post=315092"}],"curies":[{"name":"wp","href":"https:\/\/api.w.org\/{rel}","templated":true}]}}