{"id":315070,"date":"2021-12-08T15:58:19","date_gmt":"2021-12-08T19:58:19","guid":{"rendered":"http:\/\/diariodominicano.com\/?p=315070"},"modified":"2021-12-08T15:58:19","modified_gmt":"2021-12-08T19:58:19","slug":"hallan-sin-vida-a-los-cinco-tripulantes-de-helicoptero-del-ejercito-desaparecido-en-peru","status":"publish","type":"post","link":"https:\/\/diariodominicano.com\/?p=315070","title":{"rendered":"Hallan sin vida a los cinco tripulantes de helic\u00f3ptero del Ej\u00e9rcito desaparecido en Per\u00fa"},"content":{"rendered":"\n<p>diariodominicano.com<a rel=\"noreferrer noopener\" href=\"https:\/\/www.xinhua-news.com\/gdsdetailxhs\/share\/10702318-?pageflag=iframe\" target=\"_blank\"><\/a><\/p>\n\n\n\n<pre id=\"text-news-description\" class=\"wp-block-preformatted\">   LIMA, 8 dic (Xinhua) -- Los cinco tripulantes del helic\u00f3ptero del Ej\u00e9rcito peruano que se encontraban desaparecidos desde el martes fueron hallados hoy mi\u00e9rcoles sin vida en la provincia peruana de Huarochir\u00ed, en el departamento de Lima (oeste), confirm\u00f3 la Fuerza A\u00e9rea del Per\u00fa.\n   La instituci\u00f3n detall\u00f3 en un comunicado que patrullas de las Fuerzas Armadas pudieron localizar la aeronave, que el martes al medio d\u00eda despeg\u00f3 del Aeropuerto Internacional Jorge Ch\u00e1vez de la zona metropolitana de Lima y que luego se perdi\u00f3 el contacto con la nave.\n   El presidente peruano, Pedro Castillo, expres\u00f3 a trav\u00e9s de su cuenta de Twitter sus condolencias por el fallecimiento de los efectivos, al afirmar que \"entregaron sus vidas, cumpliendo con su deber\".\n   \"Lamento profundamente el fallecimiento de los cinco tripulantes del helic\u00f3ptero de la @fapperu en Huarochir\u00ed. Ellos entregaron sus vidas, cumpliendo con su deber, a favor de los m\u00e1s necesitados. Mis condolencias para sus familiares y colegas de nuestra heroica Fuerza A\u00e9rea del Per\u00fa\", escribi\u00f3 Castillo.\n   El helic\u00f3ptero MI-171SH deb\u00eda cruzar la cordillera de los Andes, hacer una escala t\u00e9cnica en la localidad de San Rom\u00e1n y seguir hacia la ciudad de Pucallpa, en el departamento amaz\u00f3nico de Ucayali (centro-este), donde apoyar\u00eda a las plataformas itinerantes de acci\u00f3n social.\n   El contacto se perdi\u00f3 cuando se encontraba cerca del municipio de San Mateo, a unos 70 kil\u00f3metros al oriente de Lima, tras lo cual las autoridades iniciaron labores de b\u00fasqueda por aire y tierra, acci\u00f3n que fue suspendida debido a las malas condiciones meteorol\u00f3gicas.\n   Al restablecer la b\u00fasqueda y encontrar los cuerpos sin vida este mi\u00e9rcoles, la Fuerza A\u00e9rea del Per\u00fa dispuso la inmediata activaci\u00f3n de la Junta de Investigaci\u00f3n correspondiente para determinar las causas del accidente, que \"enluta\" a la instituci\u00f3n y a todo el pa\u00eds.\n   Entre las v\u00edctimas mortales se encuentran el comandante Luis C\u00f3rdova, los capitanes Irwin Espinoza y Rub\u00e9n Fernando, el t\u00e9cnico Alejandro Paz M\u00edo y el suboficial Edi Loayza.<\/pre>\n","protected":false},"excerpt":{"rendered":"<p>diariodominicano.com LIMA, 8 dic (Xinhua) &#8212; Los cinco tripulantes del helic\u00f3ptero del Ej\u00e9rcito peruano que se encontraban desaparecidos desde el martes fueron hallados hoy mi\u00e9rcoles sin vida en la provincia peruana de Huarochir\u00ed, en el departamento de Lima (oeste), confirm\u00f3 la Fuerza A\u00e9rea del Per\u00fa. La instituci\u00f3n detall\u00f3 en un comunicado que patrullas de las [&hellip;]<\/p>\n","protected":false},"author":5,"featured_media":315071,"comment_status":"closed","ping_status":"","sticky":true,"template":"","format":"standard","meta":{"footnotes":""},"categories":[23,27],"tags":[],"class_list":["post-315070","post","type-post","status-publish","format-standard","has-post-thumbnail","hentry","category-internacional","category-portada"],"_links":{"self":[{"href":"https:\/\/diariodominicano.com\/index.php?rest_route=\/wp\/v2\/posts\/315070","targetHints":{"allow":["GET"]}}],"collection":[{"href":"https:\/\/diariodominicano.com\/index.php?rest_route=\/wp\/v2\/posts"}],"about":[{"href":"https:\/\/diariodominicano.com\/index.php?rest_route=\/wp\/v2\/types\/post"}],"author":[{"embeddable":true,"href":"https:\/\/diariodominicano.com\/index.php?rest_route=\/wp\/v2\/users\/5"}],"replies":[{"embeddable":true,"href":"https:\/\/diariodominicano.com\/index.php?rest_route=%2Fwp%2Fv2%2Fcomments&post=315070"}],"version-history":[{"count":1,"href":"https:\/\/diariodominicano.com\/index.php?rest_route=\/wp\/v2\/posts\/315070\/revisions"}],"predecessor-version":[{"id":315072,"href":"https:\/\/diariodominicano.com\/index.php?rest_route=\/wp\/v2\/posts\/315070\/revisions\/315072"}],"wp:featuredmedia":[{"embeddable":true,"href":"https:\/\/diariodominicano.com\/index.php?rest_route=\/wp\/v2\/media\/315071"}],"wp:attachment":[{"href":"https:\/\/diariodominicano.com\/index.php?rest_route=%2Fwp%2Fv2%2Fmedia&parent=315070"}],"wp:term":[{"taxonomy":"category","embeddable":true,"href":"https:\/\/diariodominicano.com\/index.php?rest_route=%2Fwp%2Fv2%2Fcategories&post=315070"},{"taxonomy":"post_tag","embeddable":true,"href":"https:\/\/diariodominicano.com\/index.php?rest_route=%2Fwp%2Fv2%2Ftags&post=315070"}],"curies":[{"name":"wp","href":"https:\/\/api.w.org\/{rel}","templated":true}]}}