{"id":315043,"date":"2021-12-08T14:30:42","date_gmt":"2021-12-08T18:30:42","guid":{"rendered":"http:\/\/diariodominicano.com\/?p=315043"},"modified":"2021-12-08T14:32:27","modified_gmt":"2021-12-08T18:32:27","slug":"la-fedofutbol-inicio-programa-de-entrega-de-materiales-deportivos-a-las-asociaciones-provinciales-y-clubes-de-rd","status":"publish","type":"post","link":"https:\/\/diariodominicano.com\/?p=315043","title":{"rendered":"La Fedof\u00fatbol Inici\u00f3 programa de entrega de materiales deportivos a las asociaciones provinciales y clubes de RD"},"content":{"rendered":"\n<p>&nbsp;<\/p>\n\n\n\n<p> El presidente de la Fedof\u00fatbol, Rub\u00e9n Garc\u00eda Cipri\u00e1n, entrega utiler\u00eda en la provincia de Saman\u00e1, a la Asociaci\u00f3n de F\u00fatbol de Saman\u00e1.&nbsp; <\/p>\n\n\n\n<p>S<strong>ANTO DOMINGO, RD.-<\/strong> La Federaci\u00f3n Dominicana de F\u00fatbol comenz\u00f3 el programa de entrega de materiales deportivos con la colaboraci\u00f3n del Plan de Apoyo FIFA COVID-19 y de la Federaci\u00f3n Serbia de F\u00fatbol, a las asociaciones provinciales y clubes de f\u00fatbol de Rep\u00fablica Dominicana, desde el  domingo 5 de diciembre con la visita del presidente de su Comit\u00e9 Ejecutivo, Rub\u00e9n Garc\u00eda Cipri\u00e1n a las provincias Saman\u00e1, Mar\u00eda Trinidad S\u00e1nchez y Duarte.<\/p>\n\n\n\n<p><\/p>\n\n\n\n<p>La entrega incluy\u00f3 materiales deportivos para la pr\u00e1ctica del f\u00fatbol que incluyen balones de f\u00fatbol y f\u00fatbol sala, camisetas de entrenamiento, petos o chalecos, uniformes para selecciones provinciales, juego de mallas para porter\u00edas, juego de porter\u00edas, baloneras, silbatos, escaleras, conos, platos o minas, banderines de esquinas, guantes para porteros, uniformes para \u00e1rbitros y bandas para capitanes, tanto para las asociaciones provinciales, como para los clubes que est\u00e1n debidamente legalizados.<\/p>\n\n\n\n<figure class=\"wp-block-image size-large\"><img loading=\"lazy\" decoding=\"async\" width=\"1024\" height=\"679\" src=\"https:\/\/diariodominicano.com\/wp-content\/uploads\/2021\/12\/20211205_105356-1024x679.jpg\" alt=\"\" class=\"wp-image-315046\" srcset=\"https:\/\/diariodominicano.com\/wp-content\/uploads\/2021\/12\/20211205_105356-1024x679.jpg 1024w, https:\/\/diariodominicano.com\/wp-content\/uploads\/2021\/12\/20211205_105356-300x199.jpg 300w, https:\/\/diariodominicano.com\/wp-content\/uploads\/2021\/12\/20211205_105356-768x510.jpg 768w, https:\/\/diariodominicano.com\/wp-content\/uploads\/2021\/12\/20211205_105356-1536x1019.jpg 1536w, https:\/\/diariodominicano.com\/wp-content\/uploads\/2021\/12\/20211205_105356-2048x1359.jpg 2048w, https:\/\/diariodominicano.com\/wp-content\/uploads\/2021\/12\/20211205_105356-816x541.jpg 816w\" sizes=\"auto, (max-width: 1024px) 100vw, 1024px\" \/><\/figure>\n\n\n\n<p>\u201cEntendiendo la realidad del f\u00fatbol en la Rep\u00fablica Dominicana le solicitamos ayuda a FIFA y la colaboraci\u00f3n de Serbia, para seguir desarrollando nuestro deporte, y de inmediato manifestaron su intenci\u00f3n de tendernos la mano y dijeron presente, por ello estamos muy agradecidos con ellos. Gracias a este aporte comenzamos un largo camino para recorrer el pa\u00eds llevando todo este recurso material a las asociaciones provinciales y clubes\u201d,&nbsp;indic\u00f3 el presidente de la Fedof\u00fatbol.<\/p>\n\n\n\n<p>Los beneficiados fueron la Asociaci\u00f3n de F\u00fatbol Saman\u00e1 y sus clubes afiliados, CF Atl\u00e9tico de Saman\u00e1, Ferrocarril FC y Nacional de S\u00e1nchez; la Uni\u00f3n de F\u00fatbol Mar\u00eda Trinidad S\u00e1nchez junto a los clubes San Jos\u00e9 de Villa FC 01, FC Los Limones, Matancitas FC, Nueva Luz FC, FC Rodr\u00edguez Garc\u00eda, FC KM5 y Cabrera FC; y la Uni\u00f3n de F\u00fatbol Duarte y sus afiliados, San Francisco F\u00fatbol, FC Provincia Duarte, Casablanca FC, CF de Veteranos Juan Atavilla, CF Femenino Dr. Francisco Fern\u00e1ndez y la Escuela de F\u00fatbol Daniel Tavarez.<\/p>\n\n\n\n<p>Este programa de entrega por las diversas asociaciones provinciales y clubes del pa\u00eds se extender\u00e1 hasta el mes de enero de 2022.<\/p>\n\n\n\n<p>PRENSA FEDOFUTBOL&nbsp;<\/p>\n","protected":false},"excerpt":{"rendered":"<p>&nbsp; El presidente de la Fedof\u00fatbol, Rub\u00e9n Garc\u00eda Cipri\u00e1n, entrega utiler\u00eda en la provincia de Saman\u00e1, a la Asociaci\u00f3n de F\u00fatbol de Saman\u00e1.&nbsp; SANTO DOMINGO, RD.- La Federaci\u00f3n Dominicana de F\u00fatbol comenz\u00f3 el programa de entrega de materiales deportivos con la colaboraci\u00f3n del Plan de Apoyo FIFA COVID-19 y de la Federaci\u00f3n Serbia de F\u00fatbol, [&hellip;]<\/p>\n","protected":false},"author":2,"featured_media":315044,"comment_status":"closed","ping_status":"","sticky":true,"template":"","format":"standard","meta":{"footnotes":""},"categories":[17,27],"tags":[],"class_list":["post-315043","post","type-post","status-publish","format-standard","has-post-thumbnail","hentry","category-deportes","category-portada"],"_links":{"self":[{"href":"https:\/\/diariodominicano.com\/index.php?rest_route=\/wp\/v2\/posts\/315043","targetHints":{"allow":["GET"]}}],"collection":[{"href":"https:\/\/diariodominicano.com\/index.php?rest_route=\/wp\/v2\/posts"}],"about":[{"href":"https:\/\/diariodominicano.com\/index.php?rest_route=\/wp\/v2\/types\/post"}],"author":[{"embeddable":true,"href":"https:\/\/diariodominicano.com\/index.php?rest_route=\/wp\/v2\/users\/2"}],"replies":[{"embeddable":true,"href":"https:\/\/diariodominicano.com\/index.php?rest_route=%2Fwp%2Fv2%2Fcomments&post=315043"}],"version-history":[{"count":3,"href":"https:\/\/diariodominicano.com\/index.php?rest_route=\/wp\/v2\/posts\/315043\/revisions"}],"predecessor-version":[{"id":315048,"href":"https:\/\/diariodominicano.com\/index.php?rest_route=\/wp\/v2\/posts\/315043\/revisions\/315048"}],"wp:featuredmedia":[{"embeddable":true,"href":"https:\/\/diariodominicano.com\/index.php?rest_route=\/wp\/v2\/media\/315044"}],"wp:attachment":[{"href":"https:\/\/diariodominicano.com\/index.php?rest_route=%2Fwp%2Fv2%2Fmedia&parent=315043"}],"wp:term":[{"taxonomy":"category","embeddable":true,"href":"https:\/\/diariodominicano.com\/index.php?rest_route=%2Fwp%2Fv2%2Fcategories&post=315043"},{"taxonomy":"post_tag","embeddable":true,"href":"https:\/\/diariodominicano.com\/index.php?rest_route=%2Fwp%2Fv2%2Ftags&post=315043"}],"curies":[{"name":"wp","href":"https:\/\/api.w.org\/{rel}","templated":true}]}}