{"id":315000,"date":"2021-12-08T13:41:58","date_gmt":"2021-12-08T17:41:58","guid":{"rendered":"http:\/\/diariodominicano.com\/?p=315000"},"modified":"2021-12-08T13:41:58","modified_gmt":"2021-12-08T17:41:58","slug":"cuba-registra-menos-de-100-contagios-y-ningun-deceso-por-covid-19-en-un-dia","status":"publish","type":"post","link":"https:\/\/diariodominicano.com\/?p=315000","title":{"rendered":"Cuba registra menos de 100 contagios y ning\u00fan deceso por COVID-19 en un d\u00eda"},"content":{"rendered":"\n<h3 class=\"wp-block-heading\">diariodominicano.com<\/h3>\n\n\n\n<pre id=\"text-news-description\" class=\"wp-block-preformatted\">   LA HABANA, 8 dic (Xinhua) -- Cuba registr\u00f3 la \u00faltima jornada 78 contagios de la enfermedad del nuevo coronavirus (COVID-19) y ninguna persona fallecida a causa del virus, con lo que lleg\u00f3 a 963.347 casos confirmados y se mantuvo en 8.311 decesos desde el inicio de la pandemia, inform\u00f3 hoy mi\u00e9rcoles el Ministerio de Salud P\u00fablica (Minsap).\n   La entidad detall\u00f3 en su informe diario sobre la evoluci\u00f3n de la pandemia en Cuba que 407 cubanos permanec\u00edan hospitalizados como casos activos, la cifra m\u00e1s baja de los \u00faltimos meses.\n   La oriental provincia de Holgu\u00edn diagnostic\u00f3 la \u00faltima jornada el mayor n\u00famero de contagios en el pa\u00eds con 20, seguida por la central Camag\u00fcey con 13, mientras que otras tres provincias notificaron ocho nuevos casos cada una: Las Tunas (este), Villa Clara (centro) y La Habana (oeste).\n   En Cuba est\u00e1 en marcha un acelerado proceso de inmunizaci\u00f3n contra la COVID-19, mediante el cual hasta el momento se ha vacunado con esquema completo a poco m\u00e1s de 9,3 millones de los 11,2 millones de cubanos, con la aplicaci\u00f3n de las correspondientes tres dosis de la vacuna, seg\u00fan los datos del Minsap.\n   La inmunizaci\u00f3n se realiza con las vacunas Abdala, Soberana-02 y Soberana Plus, tres de las cinco desarrolladas en Cuba.<\/pre>\n","protected":false},"excerpt":{"rendered":"<p>diariodominicano.com LA HABANA, 8 dic (Xinhua) &#8212; Cuba registr\u00f3 la \u00faltima jornada 78 contagios de la enfermedad del nuevo coronavirus (COVID-19) y ninguna persona fallecida a causa del virus, con lo que lleg\u00f3 a 963.347 casos confirmados y se mantuvo en 8.311 decesos desde el inicio de la pandemia, inform\u00f3 hoy mi\u00e9rcoles el Ministerio de [&hellip;]<\/p>\n","protected":false},"author":5,"featured_media":315008,"comment_status":"closed","ping_status":"","sticky":true,"template":"","format":"standard","meta":{"footnotes":""},"categories":[23,27],"tags":[],"class_list":["post-315000","post","type-post","status-publish","format-standard","has-post-thumbnail","hentry","category-internacional","category-portada"],"_links":{"self":[{"href":"https:\/\/diariodominicano.com\/index.php?rest_route=\/wp\/v2\/posts\/315000","targetHints":{"allow":["GET"]}}],"collection":[{"href":"https:\/\/diariodominicano.com\/index.php?rest_route=\/wp\/v2\/posts"}],"about":[{"href":"https:\/\/diariodominicano.com\/index.php?rest_route=\/wp\/v2\/types\/post"}],"author":[{"embeddable":true,"href":"https:\/\/diariodominicano.com\/index.php?rest_route=\/wp\/v2\/users\/5"}],"replies":[{"embeddable":true,"href":"https:\/\/diariodominicano.com\/index.php?rest_route=%2Fwp%2Fv2%2Fcomments&post=315000"}],"version-history":[{"count":1,"href":"https:\/\/diariodominicano.com\/index.php?rest_route=\/wp\/v2\/posts\/315000\/revisions"}],"predecessor-version":[{"id":315009,"href":"https:\/\/diariodominicano.com\/index.php?rest_route=\/wp\/v2\/posts\/315000\/revisions\/315009"}],"wp:featuredmedia":[{"embeddable":true,"href":"https:\/\/diariodominicano.com\/index.php?rest_route=\/wp\/v2\/media\/315008"}],"wp:attachment":[{"href":"https:\/\/diariodominicano.com\/index.php?rest_route=%2Fwp%2Fv2%2Fmedia&parent=315000"}],"wp:term":[{"taxonomy":"category","embeddable":true,"href":"https:\/\/diariodominicano.com\/index.php?rest_route=%2Fwp%2Fv2%2Fcategories&post=315000"},{"taxonomy":"post_tag","embeddable":true,"href":"https:\/\/diariodominicano.com\/index.php?rest_route=%2Fwp%2Fv2%2Ftags&post=315000"}],"curies":[{"name":"wp","href":"https:\/\/api.w.org\/{rel}","templated":true}]}}