{"id":314969,"date":"2021-12-08T12:27:15","date_gmt":"2021-12-08T16:27:15","guid":{"rendered":"http:\/\/diariodominicano.com\/?p=314969"},"modified":"2021-12-08T13:49:35","modified_gmt":"2021-12-08T17:49:35","slug":"vicepresidente-ejecutivo-de-finjus-aboga-por-una-actualizacion-del-marco-legal-de-pro-competencia-y-destaca-importancia-de-dicha-institucion","status":"publish","type":"post","link":"https:\/\/diariodominicano.com\/?p=314969","title":{"rendered":"Vicepresidente ejecutivo de FINJUS aboga por una actualizaci\u00f3n del marco legal de Pro-Competencia, y destaca importancia de la entidad"},"content":{"rendered":"\n<p>diariodominicano.com<\/p>\n\n\n\n<p><strong>Pide que se cumpla con el mandato del art\u00edculo 69 de la Ley 42-08<\/strong><strong><\/strong><\/p>\n\n\n\n<p><strong>Santo Domingo, R. D.,  8 de diciembre, 2021.<\/strong>&#8211; El vicepresidente ejecutivo de la Fundaci\u00f3n Institucionalidad y Justicia (FINJUS), doctor Servio Tulio Casta\u00f1os Guzm\u00e1n, favoreci\u00f3 una actualizaci\u00f3n del marco legal\u00a0 de la Comisi\u00f3n Nacional de Defensa de la Competencia (Pro-Competencia), y destac\u00f3 la trascendencia del rol que juega esa entidad en el aparato estatal, ante la gran cantidad de intereses que existen en el mercado.<\/p>\n\n\n\n<p>Tambi\u00e9n, favoreci\u00f3 que se cumpla con el mandato del art\u00edculo 69 de la Ley No.\u00a042-08\u00a0General de Defensa de la Competencia, con el prop\u00f3sito de\u00a0crear el marco institucional complementario de los sectores regulados y dictar de forma conjunta, la reglamentaci\u00f3n de competencia que regir\u00e1 el funcionamiento de dichos mercados.<\/p>\n\n\n\n<p>En su visita al Consejo Directivo de Pro-Competencia, el Doctor  Casta\u00f1os Guzm\u00e1n, fue recibido por su presidenta Mar\u00eda Elena V\u00e1squez\u00a0 Taveras y los Consejeros\u00a0Gianna Franjul, V\u00edctor Mateo y Juan Reyes. <\/p>\n\n\n\n<p>El Vicepresidente Ejecutivo de FINJUS abog\u00f3 por una alianza estrat\u00e9gica para capacitaci\u00f3n y socializaci\u00f3n de la Ley 42-08, a los fines de que los diversos actores que tienen que ver con la normativa ampl\u00eden sus conocimientos ante la importancia que reviste la legislaci\u00f3n.<\/p>\n\n\n\n<p>\u201cEsta es una instituci\u00f3n muy importante, pero desconocida, y quien menos la conoce es el propio Estado, a veces uno ve declaraciones de funcionarios que van en contra de la libre competencia, y eso se debe precisamente a la falta de conocimiento de la propia ley, por eso es que decimos que el marco legal requiere de actualizaci\u00f3n en algunos aspectos, as\u00ed como la construcci\u00f3n de otros instrumentos pendientes\u2019\u2019 asegur\u00f3 Casta\u00f1os Guzm\u00e1n.<\/p>\n\n\n\n<p>Sin embargo,  dijo que las debilidades que registra su marco legal, representan una importante oportunidad de mejora, por lo que como instituci\u00f3n, FINJUS est\u00e1 en la mayor disposici\u00f3n de contribuir con esa mejor\u00eda a los fines de fortalecer la propia institucionalidad, ya que al final eso se traduce en beneficio para el pa\u00eds.<\/p>\n\n\n\n<p>Consider\u00f3 que como forma de hacer m\u00e1s efectivo ese proceso de transformaci\u00f3n es necesario crear espacios de&nbsp; an\u00e1lisis y elaboraci\u00f3n de pol\u00edticas p\u00fablicas en esa direcci\u00f3n.<\/p>\n\n\n\n<p>De su lado, Mar\u00eda Elena V\u00e1squez, agradeci\u00f3 el apoyo ofrecido por Servio Tulio a los fines de fortalecer los instrumentos existentes, ya que desde que lleg\u00f3 al cargo ha orientado su gesti\u00f3n en la construcci\u00f3n de una cultura de&nbsp; un cultura de libre competencia, para de esa manera lograr que dicha entidad, sea comprendida por la sociedad.<\/p>\n\n\n\n<p>Inform\u00f3  que para tales fines se ha trazado como meta trabajar de las manos con la academia y con\u00a0entidades como\u00a0FINJUS, que aportan tanto al estado de derecho, y la consolidaci\u00f3n de la institucionalidad en el pa\u00eds.<\/p>\n\n\n\n<p>Fuente:   <strong>Elvis Lima<\/strong><\/p>\n","protected":false},"excerpt":{"rendered":"<p>diariodominicano.com Pide que se cumpla con el mandato del art\u00edculo 69 de la Ley 42-08 Santo Domingo, R. D., 8 de diciembre, 2021.&#8211; El vicepresidente ejecutivo de la Fundaci\u00f3n Institucionalidad y Justicia (FINJUS), doctor Servio Tulio Casta\u00f1os Guzm\u00e1n, favoreci\u00f3 una actualizaci\u00f3n del marco legal\u00a0 de la Comisi\u00f3n Nacional de Defensa de la Competencia (Pro-Competencia), y [&hellip;]<\/p>\n","protected":false},"author":5,"featured_media":314976,"comment_status":"closed","ping_status":"","sticky":true,"template":"","format":"standard","meta":{"footnotes":""},"categories":[20,27],"tags":[],"class_list":["post-314969","post","type-post","status-publish","format-standard","has-post-thumbnail","hentry","category-dominicana-hoy","category-portada"],"_links":{"self":[{"href":"https:\/\/diariodominicano.com\/index.php?rest_route=\/wp\/v2\/posts\/314969","targetHints":{"allow":["GET"]}}],"collection":[{"href":"https:\/\/diariodominicano.com\/index.php?rest_route=\/wp\/v2\/posts"}],"about":[{"href":"https:\/\/diariodominicano.com\/index.php?rest_route=\/wp\/v2\/types\/post"}],"author":[{"embeddable":true,"href":"https:\/\/diariodominicano.com\/index.php?rest_route=\/wp\/v2\/users\/5"}],"replies":[{"embeddable":true,"href":"https:\/\/diariodominicano.com\/index.php?rest_route=%2Fwp%2Fv2%2Fcomments&post=314969"}],"version-history":[{"count":4,"href":"https:\/\/diariodominicano.com\/index.php?rest_route=\/wp\/v2\/posts\/314969\/revisions"}],"predecessor-version":[{"id":315015,"href":"https:\/\/diariodominicano.com\/index.php?rest_route=\/wp\/v2\/posts\/314969\/revisions\/315015"}],"wp:featuredmedia":[{"embeddable":true,"href":"https:\/\/diariodominicano.com\/index.php?rest_route=\/wp\/v2\/media\/314976"}],"wp:attachment":[{"href":"https:\/\/diariodominicano.com\/index.php?rest_route=%2Fwp%2Fv2%2Fmedia&parent=314969"}],"wp:term":[{"taxonomy":"category","embeddable":true,"href":"https:\/\/diariodominicano.com\/index.php?rest_route=%2Fwp%2Fv2%2Fcategories&post=314969"},{"taxonomy":"post_tag","embeddable":true,"href":"https:\/\/diariodominicano.com\/index.php?rest_route=%2Fwp%2Fv2%2Ftags&post=314969"}],"curies":[{"name":"wp","href":"https:\/\/api.w.org\/{rel}","templated":true}]}}