{"id":314966,"date":"2021-12-08T11:26:55","date_gmt":"2021-12-08T15:26:55","guid":{"rendered":"http:\/\/diariodominicano.com\/?p=314966"},"modified":"2021-12-08T11:26:55","modified_gmt":"2021-12-08T15:26:55","slug":"papa-en-la-inmaculada-concepcion-la-santidad-no-es-cuestion-de-estampitas","status":"publish","type":"post","link":"https:\/\/diariodominicano.com\/?p=314966","title":{"rendered":"Papa en la Inmaculada Concepci\u00f3n: La santidad no es cuesti\u00f3n de \u201cestampitas\u201d"},"content":{"rendered":"\n<p>diariodominicano.com<\/p>\n\n\n\n<p>POR\u00a0<a href=\"https:\/\/www.aciprensa.com\/noticias\/papa-en-la-inmaculada-concepcion-la-santidad-no-es-cuestion-de-estampitas-85682?rel=author\">MERCEDES DE LA TORRE<\/a>\u00a0| ACI Prensa<\/p>\n\n\n\n<p>Vaticano, 8 de diciembre, 2021.-  Al dirigir el rezo del \u00c1ngelus este 8 de diciembre, Solemnidad de la Inmaculada Concepci\u00f3n, el Papa Francisco record\u00f3 que la santidad \u201cno es cuesti\u00f3n de estampitas, sino de vivir cada d\u00eda lo que nos sucede con humildad y alegr\u00eda\u201d.<\/p>\n\n\n\n<p>As\u00ed lo dijo el Santo Padre ante numerosos fieles reunidos en la plaza de San Pedro del Vaticano para la oraci\u00f3n mariana.<\/p>\n\n\n\n<p>\u201c<strong>Pid\u00e1mosle a la Virgen una gracia<\/strong>: que nos libre de la idea enga\u00f1osa de que una cosa es el Evangelio y otra la vida; que nos encienda de entusiasmo por el ideal de santidad, que no es una cuesti\u00f3n de estampitas, sino de vivir cada d\u00eda lo que nos sucede con humildad y alegr\u00eda, libres de nosotros mismos, con la mirada puesta en Dios y en el pr\u00f3jimo que encontramos\u201d, invit\u00f3 el Papa.<\/p>\n\n\n\n<p>En esta l\u00ednea, el Pont\u00edfice alent\u00f3 \u201cpor favor, no nos desanimemos\u201d porque \u201c\u00a1el Se\u00f1or nos ha dado a todos un buen pa\u00f1o para tejer la santidad en la vida diaria! Y cuando nos asalte la duda de no lograrlo, la tristeza de ser inadecuados, dej\u00e9monos mirar por los \u2018ojos misericordiosos\u2019 de la Virgen, \u00a1porque&nbsp;<strong>nadie que ha pedido su ayuda ha sido abandonado jam\u00e1s<\/strong>!\u201d<\/p>\n\n\n\n<p>Al reflexionar en el pasaje del Evangelio de San Lucas que relata cuando la Virgen Mar\u00eda recibi\u00f3 el anuncio del arc\u00e1ngel San Gabriel, el Papa Francisco destac\u00f3 \u201c\u00a1esta es una noticia extraordinaria para nosotros! Porque nos dice que el Se\u00f1or, para hacer maravillas, no necesita grandes medios ni nuestras sublimes habilidades, sino nuestra humildad, nuestra mirada abierta a \u00c9l y tambi\u00e9n abierto a los dem\u00e1s\u201d.<\/p>\n\n\n\n<p>\u201c<strong>Con ese anuncio, dentro de las pobres paredes de una peque\u00f1a casa, Dios cambi\u00f3 la historia<\/strong>. Tambi\u00e9n hoy quiere hacer grandes cosas con nosotros en la vida de todos los d\u00edas: en la familia, en el trabajo, en los ambientes cotidianos. Ah\u00ed, m\u00e1s que en los grandes acontecimientos de la historia, la gracia de Dios ama obrar\u201d, afirm\u00f3 el Papa.<\/p>\n\n\n\n<p>De este modo, el Santo Padre cuestion\u00f3 \u201c\u00bflo creemos? \u00bfO pensamos que la santidad es una utop\u00eda, algo para los expertos, una ilusi\u00f3n piadosa incompatible con la vida ordinaria?\u201d.<\/p>\n\n\n\n<h2 class=\"wp-block-heading\"><em><strong>Humildad de la Virgen Mar\u00eda<\/strong><\/em><\/h2>\n\n\n\n<p>Asimismo, el Papa subray\u00f3 la humildad de la Virgen Mar\u00eda que al recibir el anuncio del \u00e1ngel \u201cno se enaltece, sino que se turba; en lugar de sentirse halagada, siente asombro\u201d porque \u201cse siente peque\u00f1a por dentro, y esta peque\u00f1ez, esta humildad atrae la mirada de Dios\u201d.<\/p>\n\n\n\n<p>\u201cEn su humildad sabe que todo lo recibe de Dios. Por tanto, est\u00e1 libre de s\u00ed misma, completamente orientada a Dios y a los dem\u00e1s. Mar\u00eda Inmaculada no tiene ojos para s\u00ed misma.&nbsp;<strong>Aqu\u00ed est\u00e1 la verdadera humildad:<\/strong>&nbsp;no tener ojos para uno mismo, sino para Dios y para los dem\u00e1s\u201d, dijo el Papa.<\/p>\n\n\n\n<p>En este sentido, el Santo Padre invit\u00f3 a reflexionar que \u201crecibir grandes elogios, honores y cumplidos a veces tiene el riesgo de despertar el orgullo y la presunci\u00f3n\u201d y anim\u00f3 a recordar que \u201cJes\u00fas no es tierno con los que van en busca del saludo en las plazas, de la adulaci\u00f3n, de la visibilidad\u201d.<\/p>\n\n\n\n<p>Por \u00faltimo, el Papa destac\u00f3 que el \u00e1ngel llama a la Virgen Mar\u00eda \u201cllena de gracia\u201d porque \u201cest\u00e1 vac\u00eda de maldad, es sin pecado, Inmaculada\u201d y destac\u00f3 que \u201cesta perfecci\u00f3n de Mar\u00eda, la llena de gracia, la declara el \u00e1ngel dentro de las paredes de su casa: no en la plaza principal de Nazaret, sino all\u00ed, en el ocultamiento, en la mayor humildad\u201d porque \u201cen esa casita de Nazaret palpitaba el coraz\u00f3n m\u00e1s grande que una criatura haya tenido jam\u00e1s\u201d.<\/p>\n\n\n\n<p><\/p>\n","protected":false},"excerpt":{"rendered":"<p>diariodominicano.com POR\u00a0MERCEDES DE LA TORRE\u00a0| ACI Prensa Vaticano, 8 de diciembre, 2021.- Al dirigir el rezo del \u00c1ngelus este 8 de diciembre, Solemnidad de la Inmaculada Concepci\u00f3n, el Papa Francisco record\u00f3 que la santidad \u201cno es cuesti\u00f3n de estampitas, sino de vivir cada d\u00eda lo que nos sucede con humildad y alegr\u00eda\u201d. As\u00ed lo dijo [&hellip;]<\/p>\n","protected":false},"author":5,"featured_media":314967,"comment_status":"closed","ping_status":"","sticky":true,"template":"","format":"standard","meta":{"footnotes":""},"categories":[23,27],"tags":[],"class_list":["post-314966","post","type-post","status-publish","format-standard","has-post-thumbnail","hentry","category-internacional","category-portada"],"_links":{"self":[{"href":"https:\/\/diariodominicano.com\/index.php?rest_route=\/wp\/v2\/posts\/314966","targetHints":{"allow":["GET"]}}],"collection":[{"href":"https:\/\/diariodominicano.com\/index.php?rest_route=\/wp\/v2\/posts"}],"about":[{"href":"https:\/\/diariodominicano.com\/index.php?rest_route=\/wp\/v2\/types\/post"}],"author":[{"embeddable":true,"href":"https:\/\/diariodominicano.com\/index.php?rest_route=\/wp\/v2\/users\/5"}],"replies":[{"embeddable":true,"href":"https:\/\/diariodominicano.com\/index.php?rest_route=%2Fwp%2Fv2%2Fcomments&post=314966"}],"version-history":[{"count":1,"href":"https:\/\/diariodominicano.com\/index.php?rest_route=\/wp\/v2\/posts\/314966\/revisions"}],"predecessor-version":[{"id":314968,"href":"https:\/\/diariodominicano.com\/index.php?rest_route=\/wp\/v2\/posts\/314966\/revisions\/314968"}],"wp:featuredmedia":[{"embeddable":true,"href":"https:\/\/diariodominicano.com\/index.php?rest_route=\/wp\/v2\/media\/314967"}],"wp:attachment":[{"href":"https:\/\/diariodominicano.com\/index.php?rest_route=%2Fwp%2Fv2%2Fmedia&parent=314966"}],"wp:term":[{"taxonomy":"category","embeddable":true,"href":"https:\/\/diariodominicano.com\/index.php?rest_route=%2Fwp%2Fv2%2Fcategories&post=314966"},{"taxonomy":"post_tag","embeddable":true,"href":"https:\/\/diariodominicano.com\/index.php?rest_route=%2Fwp%2Fv2%2Ftags&post=314966"}],"curies":[{"name":"wp","href":"https:\/\/api.w.org\/{rel}","templated":true}]}}