{"id":314838,"date":"2021-12-07T21:22:18","date_gmt":"2021-12-08T01:22:18","guid":{"rendered":"http:\/\/diariodominicano.com\/?p=314838"},"modified":"2021-12-07T22:15:16","modified_gmt":"2021-12-08T02:15:16","slug":"presidente-luis-abinader-presenta-politica-para-reducir-el-embarazo-en-adolescentes-y-las-uniones-tempranas","status":"publish","type":"post","link":"https:\/\/diariodominicano.com\/?p=314838","title":{"rendered":"Presidente Luis Abinader presenta pol\u00edtica para reducir el embarazo en adolescentes y las uniones tempranas"},"content":{"rendered":"\n<p>diariodominicano.com<\/p>\n\n\n\n<p>Santo Domingo, R. D., 7 de diciembre, 2021.- El presidente Luis Abinader afirm\u00f3 este martes que su compromiso con la ni\u00f1ez y la adolescencia dominicana trasciende la presentaci\u00f3n de una pol\u00edtica de protecci\u00f3n de derechos, por cuanto constituye una cuesti\u00f3n de orden moral que obliga tambi\u00e9n a toda la sociedad.<\/p>\n\n\n\n<p>\u201cPor eso nos encontramos hoy aqu\u00ed, para dar respuesta a nuestros j\u00f3venes y para asegurarnos de que sus proyectos no se ver\u00e1n truncados por cuestiones que afecten su normal desarrollo, el disfrute de sus vidas en plenitud desde la ni\u00f1ez, y para decir alto y claro que no vamos a permitir nunca m\u00e1s la conculcaci\u00f3n de sus derechos\u201d, enfatiz\u00f3 Abinader.<\/p>\n\n\n\n<p>El mandatario habl\u00f3 en estos t\u00e9rminos en el acto de presentaci\u00f3n de la pol\u00edtica de prevenci\u00f3n y atenci\u00f3n a las uniones tempranas y el embarazo en adolescentes, que define los objetivos y estrategias del gobierno para reducir la incidencia de ambos problemas en un plazo que termina en el 2030.<\/p>\n\n\n\n<p>Agreg\u00f3 que la propuesta que a partir de la fecha se constituye en pol\u00edtica p\u00fablica, es solo \u201cuna de las acciones con las que el Gobierno del Cambio quiere asegurar no dejar a nadie atr\u00e1s\u201d.<\/p>\n\n\n\n<p>De su parte, la presidenta ejecutiva del Conani, Ana Cecilia Morun, sintetiz\u00f3 los contenidos de la pol\u00edtica y las responsabilidades institucionales, ministeriales y comunitarias que derivan de su adopci\u00f3n y aplicaci\u00f3n.<\/p>\n\n\n\n<p>\u201cTras la modificaci\u00f3n del C\u00f3digo Civil para prohibir el matrimonio infantil, un paso trascendente hacia la mejor\u00eda de la situaci\u00f3n social de las ni\u00f1as, fue clara para el Consejo Nacional para la Ni\u00f1ez y la Adolescencia (Conani) y para el Gabinete de Ni\u00f1ez y Adolescencia la urgencia de articular una pol\u00edtica nacional que integrara en una \u00fanica estrategia la respuesta al embarazo en adolescentes y a las uniones tempranas, las dos caras de la moneda\u201d, afirm\u00f3 Morun.<\/p>\n\n\n\n<p>La funcionaria dese\u00f3 que la pol\u00edtica de prevenci\u00f3n y atenci\u00f3n a las uniones tempranas y el embarazo en adolescentes, entregada este martes al gobierno y a la sociedad, sea recibida con inter\u00e9s y concite el apoyo un\u00e1nime de todos los actores sociales. A\u00f1adi\u00f3 que tanto el Conani como el Gabinete de Ni\u00f1ez y Adolescencia est\u00e1n abiertos a la cr\u00edtica \u201cque enriquece y hace avanzar los procesos de cambio\u201d.<\/p>\n\n\n\n<p>Las consecuencias individuales y sociales del embarazo en adolescentes y las uniones tempranas fueron abordadas por la primera dama, Raquel Arbaje, presidenta honor\u00edfica del Gabinete de Ni\u00f1ez y Adolescencia, para quien ambos problemas no son producto exclusivo de malas decisiones individuales, \u201csino tambi\u00e9n, y en muy alto grado, de la indiferencia de un Estado que, hasta hoy, hab\u00eda incumplido sus responsabilidades con nuestras ni\u00f1as y adolescentes\u201d.<\/p>\n\n\n\n<p>Cit\u00f3 entre los factores externos que inciden en la problem\u00e1tica a la pobreza, la falta de educaci\u00f3n sexual integral, la cultura social que naturaliza la maternidad y la uni\u00f3n temprana, y la historia de violencia f\u00edsica, psicol\u00f3gica y sexual en el hogar.<\/p>\n\n\n\n<p>\u201cSe trata de un enorme drama humano porque una ni\u00f1a o adolescente embarazada o tempranamente unida corre un mayor riesgo de violencia de g\u00e9nero, deserta de la escuela en mayor n\u00famero y esto provoca que se inserte en el mercado de trabajo en condiciones desventajosas, es probable que tenga un n\u00famero mayor de hijos y que reproduzca el c\u00edrculo intergeneracional de la pobreza\u201d, afirm\u00f3 Arbaje.<\/p>\n\n\n\n<p>En el acto, celebrado en el Palacio Nacional, estuvieron presentes los titulares de los ministerios y las instituciones que forman parte del Gabinete de Ni\u00f1ez y Adolescencia, quienes recibieron de manos del presidente Abinader un ejemplar del documento y la exhortaci\u00f3n a cumplir a cabalidad las responsabilidades respectivas para \u00e9xito de los objetivos de la pol\u00edtica.<\/p>\n\n\n\n<p>Fuente: Direcci\u00f3n de Estrategia y Comunicaci\u00f3n Gubernamental<\/p>\n\n\n\n<p>Ministerio Administrativo de la Presidencia de la Rep\u00fablica Dominicana<\/p>\n","protected":false},"excerpt":{"rendered":"<p>diariodominicano.com Santo Domingo, R. D., 7 de diciembre, 2021.- El presidente Luis Abinader afirm\u00f3 este martes que su compromiso con la ni\u00f1ez y la adolescencia dominicana trasciende la presentaci\u00f3n de una pol\u00edtica de protecci\u00f3n de derechos, por cuanto constituye una cuesti\u00f3n de orden moral que obliga tambi\u00e9n a toda la sociedad. \u201cPor eso nos encontramos [&hellip;]<\/p>\n","protected":false},"author":5,"featured_media":314848,"comment_status":"closed","ping_status":"","sticky":true,"template":"","format":"standard","meta":{"footnotes":""},"categories":[20,27],"tags":[],"class_list":["post-314838","post","type-post","status-publish","format-standard","has-post-thumbnail","hentry","category-dominicana-hoy","category-portada"],"_links":{"self":[{"href":"https:\/\/diariodominicano.com\/index.php?rest_route=\/wp\/v2\/posts\/314838","targetHints":{"allow":["GET"]}}],"collection":[{"href":"https:\/\/diariodominicano.com\/index.php?rest_route=\/wp\/v2\/posts"}],"about":[{"href":"https:\/\/diariodominicano.com\/index.php?rest_route=\/wp\/v2\/types\/post"}],"author":[{"embeddable":true,"href":"https:\/\/diariodominicano.com\/index.php?rest_route=\/wp\/v2\/users\/5"}],"replies":[{"embeddable":true,"href":"https:\/\/diariodominicano.com\/index.php?rest_route=%2Fwp%2Fv2%2Fcomments&post=314838"}],"version-history":[{"count":1,"href":"https:\/\/diariodominicano.com\/index.php?rest_route=\/wp\/v2\/posts\/314838\/revisions"}],"predecessor-version":[{"id":314851,"href":"https:\/\/diariodominicano.com\/index.php?rest_route=\/wp\/v2\/posts\/314838\/revisions\/314851"}],"wp:featuredmedia":[{"embeddable":true,"href":"https:\/\/diariodominicano.com\/index.php?rest_route=\/wp\/v2\/media\/314848"}],"wp:attachment":[{"href":"https:\/\/diariodominicano.com\/index.php?rest_route=%2Fwp%2Fv2%2Fmedia&parent=314838"}],"wp:term":[{"taxonomy":"category","embeddable":true,"href":"https:\/\/diariodominicano.com\/index.php?rest_route=%2Fwp%2Fv2%2Fcategories&post=314838"},{"taxonomy":"post_tag","embeddable":true,"href":"https:\/\/diariodominicano.com\/index.php?rest_route=%2Fwp%2Fv2%2Ftags&post=314838"}],"curies":[{"name":"wp","href":"https:\/\/api.w.org\/{rel}","templated":true}]}}