{"id":314823,"date":"2021-12-07T20:53:40","date_gmt":"2021-12-08T00:53:40","guid":{"rendered":"http:\/\/diariodominicano.com\/?p=314823"},"modified":"2021-12-07T20:53:40","modified_gmt":"2021-12-08T00:53:40","slug":"presidente-luis-abinader-reafirma-apoyo-a-productores-agricolas-y-destaca-su-rol-en-recuperacion-economica","status":"publish","type":"post","link":"https:\/\/diariodominicano.com\/?p=314823","title":{"rendered":"Presidente Luis Abinader reafirma apoyo a productores agr\u00edcolas y destaca su rol en recuperaci\u00f3n econ\u00f3mica"},"content":{"rendered":"\n<p>diariodominicano.com<\/p>\n\n\n\n<p>Santo Domingo, R. D., 7 de diciembre, 2021.- El presidente Luis Abinader afirm\u00f3 este martes que los productores agr\u00edcolas cuentan con el incondicional apoyo y acompa\u00f1amiento del Gobierno para batallar juntos en la recuperaci\u00f3n econ\u00f3mica del pa\u00eds.\u00a0<\/p>\n\n\n\n<p>\u201cHoy construimos juntos una mejor Rep\u00fablica Dominicana para todos, convencidos de que solo juntos podemos sacar adelante a nuestro pa\u00eds\u201d, dijo el gobernante.<\/p>\n\n\n\n<p>El presidente Abinader habl\u00f3 en el acto por el 37 aniversario de la Junta Agropecuaria Dominicana (JAD) donde fue reconocido Oliverio Espaillat Bencosme.<\/p>\n\n\n\n<p>\u201cLa recuperaci\u00f3n del campo es uno de nuestros compromisos como Gobierno. Lo estamos haciendo posible gracias a hombres y mujeres que siguen los pasos del ingeniero Espaillat Bencosme\u201d, dijo el mandatario.<\/p>\n\n\n\n<p>Insisti\u00f3 en que el Gobierno est\u00e1 convencido de que trabajando juntos por el futuro del pa\u00eds se logran m\u00e1s y mejores cosas.<\/p>\n\n\n\n<p>Adelant\u00f3 el compromiso de continuar trabajando con los productores agropecuarios, escuch\u00e1ndolos, colaborando con ellos, siendo un Gobierno presente y cercano que genere las condiciones \u00f3ptimas para que los distintos sectores empresariales dominicanos se fortalezcan.<\/p>\n\n\n\n<p>Subray\u00f3 la trayectoria de casi cuatro d\u00e9cadas de la JAD, tiempo que ha dado servicios de asistencia t\u00e9cnica a los productores del pa\u00eds de forma ininterrumpida.<\/p>\n\n\n\n<p>Esta entidad, agreg\u00f3, ha mantenido una relaci\u00f3n muy estrecha con el Gobierno, siempre en favor de los mejores intereses de los productores agropecuarios para el mejoramiento de la calidad de la producci\u00f3n nacional, la diversificaci\u00f3n de los productos y el desarrollo del campo.<\/p>\n\n\n\n<p>De igual modo, el presidente del Consejo de Directores de la Junta Agroempresarial Dominicana, Luis Bonilla, expres\u00f3 su reconocimiento al gobierno que preside Luis Abinader por decidirse a trabajar con la JAD, unos de los programas de mayor impacto social que se ejecuta a favor de los peque\u00f1os productores.<\/p>\n\n\n\n<p>\u201cEscoger a la Junta Agroempresarial para ayudarle en su gesti\u00f3n de gobierno, es no solo reconocer la labor que d\u00eda a d\u00eda hacemos con los productores del pa\u00eds, sino tambi\u00e9n valorar nuestra organizaci\u00f3n\u201d, expres\u00f3 Bonilla.<\/p>\n\n\n\n<p>&nbsp;<strong>Aportes de Oliverio<\/strong><\/p>\n\n\n\n<p>El presidente Abinader dijo que no hay mejor forma de celebrar el aniversario de la JAD que reconociendo la labor de Espaillat Bencosme, por tantos a\u00f1os siendo precursor y por sus grandes aportes a la tecnolog\u00eda e innovaci\u00f3n en la agricultura.<\/p>\n\n\n\n<p>&nbsp;\u201cEspaillat Bencosme es uno de los m\u00e1s importantes emprendedores del sector agropecuario dominicano, que durante muchos a\u00f1os ha logrado transformar, junto al trabajo de otros compa\u00f1eros y compa\u00f1eras, los buenos resultados en la producci\u00f3n nacional\u201d, dijo Abinader.<\/p>\n\n\n\n<p>Consider\u00f3 que sus aportes son significativos, y por eso entiende que es muy merecido este reconocimiento como Agroempresario del A\u00f1o y a toda su trayectoria.<\/p>\n\n\n\n<p>En tanto, Espaillat Bencosme agradeci\u00f3 de forma muy emotiva el reconocimiento y expres\u00f3 que lo comparte tambi\u00e9n con todos los productores de arroz del pa\u00eds, a quienes defini\u00f3 como parte de su familia.<\/p>\n\n\n\n<p>\u00abHoy es unos de los d\u00edas m\u00e1s felices de mi vida, porque estoy recibiendo un reconocimiento por mi trabajo, por lo que me gusta hacer, lo que me apasiona y, sobre todo, por una labor que me proporciona tantas satisfacciones como lo es producir alimentos para nuestra gente\u201d, manifest\u00f3 Espaillat Bencosme.<\/p>\n\n\n\n<p>Dijo que el cultivo del arroz es su pasi\u00f3n y producir con las nuevas tecnolog\u00edas y aportar al desarrollo agr\u00edcola nacional es un compromiso que asumi\u00f3 y forma parte de su vida.<\/p>\n\n\n\n<p>\u201cEl mundo est\u00e1 en crisis y a\u00fan en medio de tantas turbulencias la Rep\u00fablica Dominicana cuenta con un sector fuerte, unido y apoyado por un Gobierno que ha mostrado visi\u00f3n de lo que hay que hacer en momentos como estos: hacer de las crisis oportunidades, pensar en qu\u00e9 podemos hacer para lograr producir con eficiencia y rentabilidad\u201d, resalt\u00f3 Espaillat Bencosme.<\/p>\n\n\n\n<p>Estos premios, estim\u00f3, el presidente Abinader, representan un merecido reconocimiento a su persona por sus aportes al crecimiento de la Rep\u00fablica Dominicana ya la recuperaci\u00f3n econ\u00f3mica.<\/p>\n\n\n\n<p>Igualmente, por la generaci\u00f3n de puestos de trabajo que son uno de los objetivos primordiales de la acci\u00f3n del Gobierno.<\/p>\n\n\n\n<p>\u201cHoy reconocemos una trayectoria y una historia, pero, sobre todo, reafirmamos nuestra fe en el porvenir\u201d, manifest\u00f3 Abinader.<\/p>\n\n\n\n<p>En la actividad participaron los ministros, Administrativo de la Presidencia, Jos\u00e9 Ignacio Paliza; de Agricultura, Limber Cruz; de Interior y Polic\u00eda, Jes\u00fas -Chu- V\u00e1squez; el administrador del Banco Agr\u00edcola, Fernando Dur\u00e1n; el presidente, del CONEP, Pedro Brache; el presidente ejecutivo de la Junta Agroempresarial Dominicana (JAD), Omar Ben\u00edtez; el presidente de Industrias Banilejas (Induvan), Manuel Pozo Perell\u00f3.<\/p>\n\n\n\n<p>Tambi\u00e9n, el empresario H\u00e9ctor Jos\u00e9 Rizek; el vicepresidente de la Bolsa de Agroempresarial Dominicana, Ricky Brugal; la secretaria del Consejo de Directores, Sonia P\u00e9rez y el productor Andr\u00e9s Bautista.<\/p>\n\n\n\n<p>Fuente: Direcci\u00f3n de Estrategia y Comunicaci\u00f3n Gubernamental<\/p>\n\n\n\n<p>Ministerio Administrativo de la Presidencia de la Rep\u00fablica Dominicana<\/p>\n","protected":false},"excerpt":{"rendered":"<p>diariodominicano.com Santo Domingo, R. D., 7 de diciembre, 2021.- El presidente Luis Abinader afirm\u00f3 este martes que los productores agr\u00edcolas cuentan con el incondicional apoyo y acompa\u00f1amiento del Gobierno para batallar juntos en la recuperaci\u00f3n econ\u00f3mica del pa\u00eds.\u00a0 \u201cHoy construimos juntos una mejor Rep\u00fablica Dominicana para todos, convencidos de que solo juntos podemos sacar adelante [&hellip;]<\/p>\n","protected":false},"author":5,"featured_media":314824,"comment_status":"closed","ping_status":"","sticky":true,"template":"","format":"standard","meta":{"footnotes":""},"categories":[20,27],"tags":[],"class_list":["post-314823","post","type-post","status-publish","format-standard","has-post-thumbnail","hentry","category-dominicana-hoy","category-portada"],"_links":{"self":[{"href":"https:\/\/diariodominicano.com\/index.php?rest_route=\/wp\/v2\/posts\/314823","targetHints":{"allow":["GET"]}}],"collection":[{"href":"https:\/\/diariodominicano.com\/index.php?rest_route=\/wp\/v2\/posts"}],"about":[{"href":"https:\/\/diariodominicano.com\/index.php?rest_route=\/wp\/v2\/types\/post"}],"author":[{"embeddable":true,"href":"https:\/\/diariodominicano.com\/index.php?rest_route=\/wp\/v2\/users\/5"}],"replies":[{"embeddable":true,"href":"https:\/\/diariodominicano.com\/index.php?rest_route=%2Fwp%2Fv2%2Fcomments&post=314823"}],"version-history":[{"count":1,"href":"https:\/\/diariodominicano.com\/index.php?rest_route=\/wp\/v2\/posts\/314823\/revisions"}],"predecessor-version":[{"id":314827,"href":"https:\/\/diariodominicano.com\/index.php?rest_route=\/wp\/v2\/posts\/314823\/revisions\/314827"}],"wp:featuredmedia":[{"embeddable":true,"href":"https:\/\/diariodominicano.com\/index.php?rest_route=\/wp\/v2\/media\/314824"}],"wp:attachment":[{"href":"https:\/\/diariodominicano.com\/index.php?rest_route=%2Fwp%2Fv2%2Fmedia&parent=314823"}],"wp:term":[{"taxonomy":"category","embeddable":true,"href":"https:\/\/diariodominicano.com\/index.php?rest_route=%2Fwp%2Fv2%2Fcategories&post=314823"},{"taxonomy":"post_tag","embeddable":true,"href":"https:\/\/diariodominicano.com\/index.php?rest_route=%2Fwp%2Fv2%2Ftags&post=314823"}],"curies":[{"name":"wp","href":"https:\/\/api.w.org\/{rel}","templated":true}]}}