{"id":314808,"date":"2021-12-07T20:39:26","date_gmt":"2021-12-08T00:39:26","guid":{"rendered":"http:\/\/diariodominicano.com\/?p=314808"},"modified":"2021-12-07T20:39:26","modified_gmt":"2021-12-08T00:39:26","slug":"incendio-deja-38-reclusos-muertos-en-prision-en-centro-de-burundi-2","status":"publish","type":"post","link":"https:\/\/diariodominicano.com\/?p=314808","title":{"rendered":"Incendio deja 38 reclusos muertos en prisi\u00f3n en centro de Burundi"},"content":{"rendered":"\n<p>diariodominicano.com<a rel=\"noreferrer noopener\" href=\"https:\/\/www.xinhua-news.com\/gdsdetailxhs\/share\/10697921-?pageflag=iframe\" target=\"_blank\"><\/a><\/p>\n\n\n\n<pre id=\"text-news-description\" class=\"wp-block-preformatted\">   BUYUMBURA, 7 dic (Xinhua) -- Al menos 38 prisioneros murieron y otros 69 resultaron heridos en un incendio que arras\u00f3 este martes la c\u00e1rcel central de Gitega, en la provincia del mismo nombre, en el centro de Burundi, dijo el vicepresidente burund\u00e9s, Prosper Bazombanza, en una conferencia de prensa tras una visita a la prisi\u00f3n.\n   \"De los m\u00e1s de 1.500 reclusos que viven en la prisi\u00f3n central de Gitega, lamentamos la muerte de 38 presos, de los cuales 12 se asfixiaron y otros 26 murieron por quemaduras profundas. Durante el incidente, 69 reclusos resultaron heridos, 34 de ellos de gravedad\", dijo Bazombanza.\n   De acuerdo con el vicepresidente, otros 35 reclusos sufrieron heridas leves y recibieron tratamiento dentro de la prisi\u00f3n.\n   \"Los m\u00e9dicos del hospital regional de Gitega, donde est\u00e1n ingresados los 34 reclusos, han establecido que se recuperar\u00e1n pronto\", se\u00f1al\u00f3.\n   \"El origen del incendio son las instalaciones ca\u00f3ticas, colocadas por los reclusos, de los cables el\u00e9ctricos dentro de la prisi\u00f3n\", agreg\u00f3.\n   El funcionario aprovech\u00f3 la oportunidad para advertir a los burundeses que viven en comunidades como escuelas, cuarteles militares o policiales que eviten hacer esas instalaciones ca\u00f3ticas.\n   Prometi\u00f3 que los costos de hospitalizaci\u00f3n de los heridos ser\u00e1 pagada \u00edntegramente por el Gobierno.\n   Bazombanza pidi\u00f3 al Ministerio de Solidaridad proporcionar alimentos, refugios como tiendas de campa\u00f1a y colchones a la prisi\u00f3n para que los reclusos puedan \"vivir en condiciones aceptables\".\n   Tambi\u00e9n hizo un llamado al Ministerio de Infraestructura para que identifique las necesidades de rehabilitaci\u00f3n de esa prisi\u00f3n, que actualmente alberga a m\u00e1s de 1.500 reclusos, pero cuya capacidad es de s\u00f3lo 400.\n   La prisi\u00f3n de Gitega alberga a reclusos que fueron acusados del fallido plan de golpe de Estado de 2015 contra el difunto presidente Pierre Nkurunziza, quien muri\u00f3 repentinamente el 8 de junio de 2020.\n   En agosto de 2021, la prisi\u00f3n de Gitega se incendi\u00f3, pero el fuego fue controlado r\u00e1pidamente y no caus\u00f3 da\u00f1os.<\/pre>\n\n\n\n<figure class=\"wp-block-image size-large\"><img loading=\"lazy\" decoding=\"async\" width=\"1024\" height=\"640\" src=\"https:\/\/diariodominicano.com\/wp-content\/uploads\/2021\/12\/Gitega-Burundi-Carcel7-12-21-1024x640.jpg\" alt=\"\" class=\"wp-image-314820\" srcset=\"https:\/\/diariodominicano.com\/wp-content\/uploads\/2021\/12\/Gitega-Burundi-Carcel7-12-21-1024x640.jpg 1024w, https:\/\/diariodominicano.com\/wp-content\/uploads\/2021\/12\/Gitega-Burundi-Carcel7-12-21-300x187.jpg 300w, https:\/\/diariodominicano.com\/wp-content\/uploads\/2021\/12\/Gitega-Burundi-Carcel7-12-21-768x480.jpg 768w, https:\/\/diariodominicano.com\/wp-content\/uploads\/2021\/12\/Gitega-Burundi-Carcel7-12-21-816x510.jpg 816w, https:\/\/diariodominicano.com\/wp-content\/uploads\/2021\/12\/Gitega-Burundi-Carcel7-12-21.jpg 1117w\" sizes=\"auto, (max-width: 1024px) 100vw, 1024px\" \/><\/figure>\n","protected":false},"excerpt":{"rendered":"<p>diariodominicano.com BUYUMBURA, 7 dic (Xinhua) &#8212; Al menos 38 prisioneros murieron y otros 69 resultaron heridos en un incendio que arras\u00f3 este martes la c\u00e1rcel central de Gitega, en la provincia del mismo nombre, en el centro de Burundi, dijo el vicepresidente burund\u00e9s, Prosper Bazombanza, en una conferencia de prensa tras una visita a la [&hellip;]<\/p>\n","protected":false},"author":5,"featured_media":314821,"comment_status":"closed","ping_status":"","sticky":true,"template":"","format":"standard","meta":{"footnotes":""},"categories":[23,27],"tags":[],"class_list":["post-314808","post","type-post","status-publish","format-standard","has-post-thumbnail","hentry","category-internacional","category-portada"],"_links":{"self":[{"href":"https:\/\/diariodominicano.com\/index.php?rest_route=\/wp\/v2\/posts\/314808","targetHints":{"allow":["GET"]}}],"collection":[{"href":"https:\/\/diariodominicano.com\/index.php?rest_route=\/wp\/v2\/posts"}],"about":[{"href":"https:\/\/diariodominicano.com\/index.php?rest_route=\/wp\/v2\/types\/post"}],"author":[{"embeddable":true,"href":"https:\/\/diariodominicano.com\/index.php?rest_route=\/wp\/v2\/users\/5"}],"replies":[{"embeddable":true,"href":"https:\/\/diariodominicano.com\/index.php?rest_route=%2Fwp%2Fv2%2Fcomments&post=314808"}],"version-history":[{"count":1,"href":"https:\/\/diariodominicano.com\/index.php?rest_route=\/wp\/v2\/posts\/314808\/revisions"}],"predecessor-version":[{"id":314822,"href":"https:\/\/diariodominicano.com\/index.php?rest_route=\/wp\/v2\/posts\/314808\/revisions\/314822"}],"wp:featuredmedia":[{"embeddable":true,"href":"https:\/\/diariodominicano.com\/index.php?rest_route=\/wp\/v2\/media\/314821"}],"wp:attachment":[{"href":"https:\/\/diariodominicano.com\/index.php?rest_route=%2Fwp%2Fv2%2Fmedia&parent=314808"}],"wp:term":[{"taxonomy":"category","embeddable":true,"href":"https:\/\/diariodominicano.com\/index.php?rest_route=%2Fwp%2Fv2%2Fcategories&post=314808"},{"taxonomy":"post_tag","embeddable":true,"href":"https:\/\/diariodominicano.com\/index.php?rest_route=%2Fwp%2Fv2%2Ftags&post=314808"}],"curies":[{"name":"wp","href":"https:\/\/api.w.org\/{rel}","templated":true}]}}