{"id":314801,"date":"2021-12-07T20:22:59","date_gmt":"2021-12-08T00:22:59","guid":{"rendered":"http:\/\/diariodominicano.com\/?p=314801"},"modified":"2021-12-07T20:22:59","modified_gmt":"2021-12-08T00:22:59","slug":"gobierno-lanza-el-fideicomiso-publico-privado-de-gestion-integral-de-residuos","status":"publish","type":"post","link":"https:\/\/diariodominicano.com\/?p=314801","title":{"rendered":"Gobierno lanza el Fideicomiso P\u00fablico-Privado de Gesti\u00f3n Integral de Residuos"},"content":{"rendered":"\n<p>diariodominicano.com<\/p>\n\n\n\n<p>Santo Domingo, R. D., 7 de diciembre, 2021.- El presidente Luis Abinader encabez\u00f3 este martes el lanzamiento del Fideicomiso P\u00fablico-Privado de Gesti\u00f3n Integral de Residuos, el cual servir\u00e1 de instrumento fundamental para solucionar la problem\u00e1tica que representa el manejo de los residuos en la Rep\u00fablica Dominicana.<\/p>\n\n\n\n<p>El gobernante inform\u00f3 que a trav\u00e9s de la Direcci\u00f3n Ejecutiva del Fideicomiso P\u00fablico- Privado para la Gesti\u00f3n Integral de los Residuos S\u00f3lidos, en la primera etapa a ejecutarse en el periodo 2022-2023, tendr\u00e1 un costo total de 13,290 millones de pesos.<\/p>\n\n\n\n<p>\u201cDe esta suma total, el Fideicomiso y el Poder Ejecutivo ser\u00e1n responsables de financiar el 16.2%, es decir, 2,158 millones de pesos y el resto ser\u00e1 financiado por el sector privado, con una inversi\u00f3n de 11,132 millones\u201d, precis\u00f3 el mandatario.<\/p>\n\n\n\n<p>El presidente Abinader anunci\u00f3 que con la implementaci\u00f3n de estas acciones se estar\u00eda reduciendo el impacto causado por la generaci\u00f3n de residuos s\u00f3lidos y a su vez solucionando un 40% del problema de desechos a nivel nacional, que, para el cierre del a\u00f1o 2020, seg\u00fan la Liga Municipal Dominicana, alcanzaba 7,3 millones de toneladas por a\u00f1o.<\/p>\n\n\n\n<p>El jefe de Estado resalt\u00f3 que, durante todo el proceso de puesta en marcha y ejecuci\u00f3n de las mismas, se estima la generaci\u00f3n de aproximadamente 16,000 empleos directos y 4,000 indirectos, en \u00e1reas t\u00e9cnicas y operativas.<\/p>\n\n\n\n<p>Como parte de la iniciativa que es presidida por el Ministerio de Medio Ambiente y Recursos Naturales, de acuerdo con la Ley 225-20, fueron presentadas 20 iniciativas de proyectos con la finalidad de disminuir el impacto negativo causado por el mal manejo de los residuos s\u00f3lidos en el pa\u00eds.<\/p>\n\n\n\n<p>Indic\u00f3 que estas 20 iniciativas presentadas por el director ejecutivo del Fideicomiso DO Sostenible, Armando Pa\u00edno Henr\u00edquez, adem\u00e1s de beneficiar al medio ambiente, impactar\u00e1n la vida de las personas mejorando sus capacidades, su entorno y sus condiciones de vida.<\/p>\n\n\n\n<p>El mandatario se\u00f1al\u00f3 que vivir en el mundo contempor\u00e1neo implica producir residuos, pero tambi\u00e9n implica a sus autoridades a gestionar sus usos y salidas.<\/p>\n\n\n\n<p>\u201cUna gesti\u00f3n integral de residuos s\u00f3lidos eficaz es aquella que procura mitigar los efectos de la generaci\u00f3n de desechos que se desprenden de las actividades inherentes al ser humano\u201d, expres\u00f3.<\/p>\n\n\n\n<p>Expuso que promover pol\u00edticas p\u00fablicas a favor del medio ambiente y del ciudadano debe ser una de las prioridades del Estado, a los fines de garantizar la sostenibilidad del modelo econ\u00f3mico y elevar la calidad de vida de la sociedad.<\/p>\n\n\n\n<p>Asimismo, plante\u00f3 la importancia de lograr que la poblaci\u00f3n se comprometa y se empodere con el cuidado de su entorno, a trav\u00e9s de acciones educativas desde la primera infancia.<\/p>\n\n\n\n<p>El presidente Abinader cit\u00f3 estudios realizados por la Agencia de Cooperaci\u00f3n Internacional del Jap\u00f3n (JICA), que indican que en la actualidad existen 240 sitios de disposici\u00f3n final que operan a cielo abierto y de manera irregular.<\/p>\n\n\n\n<p>Estos espacios, agreg\u00f3, son focos de contaminaci\u00f3n ambiental que contribuyen al deterioro de la calidad del aire, del suelo y de las aguas superficiales y subterr\u00e1neas.<\/p>\n\n\n\n<p>\u201cEl componente territorial permitir\u00e1 mapear las necesidades particulares de cada regi\u00f3n del pa\u00eds, trabajando de manera directa para brindar una soluci\u00f3n integral al problema del manejo de residuos s\u00f3lidos\u201d, dijo el presidente.<\/p>\n\n\n\n<p>Insisti\u00f3 en que desde el gobierno se apuesta por una respuesta integral, que encare al desaf\u00edo, que genere actividad y proporcione bienestar a los implicados.<\/p>\n\n\n\n<p>\u201cEste Gobierno busca soluciones. Este Gobierno arregla problemas\u201d, afirm\u00f3.<\/p>\n\n\n\n<p><strong>Transparencia y honestidad<\/strong><\/p>\n\n\n\n<p>El ministro de Medio Ambiente, Orlando Jorge Mera, se\u00f1al\u00f3 que con este fideicomiso buscan resolver el mal manejo de los residuos s\u00f3lidos, principal problema medioambiental del pa\u00eds y lo har\u00e1n liderados por el presidente Abinader con transparencia y honestidad, dos de los valores claves del actual gobierno del cambio.<\/p>\n\n\n\n<p>\u201cEste d\u00eda es hist\u00f3rico en la Rep\u00fablica Dominicana. Por primera vez, el Estado dominicano asume \u00edntegramente enfrentar uno de los problemas ambientales m\u00e1s graves, que acontece a la luz de todos los dominicanos: los vertederos a cielo abierto, que pr\u00e1cticamente est\u00e1n en todo el territorio nacional, con las secuelas a la salud, a la contaminaci\u00f3n ambiental tanto en la tierra como en los r\u00edos y en el mar\u201d, destac\u00f3 Jorge Mera.<\/p>\n\n\n\n<p>Precis\u00f3 que al inicio de la gesti\u00f3n recibieron un vertedero endeudado, en mal estado y la ciudad bajo intensas humaredas y en la actualidad, Duquesa recibe aproximadamente 6,000 toneladas de residuos diarios procedentes del Distrito Nacional, Santo Domingo Este, Norte y Oeste, as\u00ed como Pantoja, Los Alcarrizos y empresas privadas.&nbsp;<\/p>\n\n\n\n<p>Sin embargo, agreg\u00f3, desde agosto de 2020, bajo el control del ministerio, Duquesa no ha vuelto a ser causa de contaminaci\u00f3n para los habitantes del Gran Santo Domingo y se ha logrado acondicionar m\u00e1s del 80% del \u00e1rea de vertido, con la meta de completar el 100% y mantener las \u00e1reas de vertido con un sistema interdiario de cobertura a m\u00e1s tardar en abril 2022.<\/p>\n\n\n\n<p>\u201cLa deuda heredada de la gesti\u00f3n anterior ascend\u00eda a 50.9 millones de pesos, y ha sido reducida en un 32%, con la misma asignaci\u00f3n presupuestaria. Esto evidencia el esfuerzo en mejorar el gasto y saldar la deuda sin incumplir con los compromisos mensuales\u201d, comunic\u00f3 el ministro de Medio Ambiente.<\/p>\n\n\n\n<p><strong>Desaf\u00edo impostergable y urgente<\/strong><\/p>\n\n\n\n<p>En tanto, el director ejecutivo del Fideicomiso DO Sostenible, Armando Pa\u00edno Henr\u00edquez, indic\u00f3 que, desde inicio de la gesti\u00f3n, el presidente Abinader ha manifestado una preocupaci\u00f3n especial sobre el tema de los residuos s\u00f3lidos, consciente de que los desaf\u00edos en esta materia, si bien han sido estructurales e hist\u00f3ricos, ahora se convierten en impostergables y urgentes.<\/p>\n\n\n\n<p>\u201cPero si los d\u00e9ficit y desaf\u00edos son enormes, nuestra confianza en que podremos enfrentarlos de manera efectiva, todos juntos, son mayores a\u00fan, pues contamos no solo con el respaldo y apoyo del presidente Luis Abinader, que nos ha demostrado en estos 16 meses que el trabajo es su norte y los resultados son su destino\u00bb, manifest\u00f3.<\/p>\n\n\n\n<p>Tenemos en el poder ejecutivo, a\u00f1adi\u00f3, un grupo de ministros y funcionarios que conocen y tienen mucha conciencia de la importancia del tema, he sido testigo del alto inter\u00e9s del sector privado en encontrar una soluci\u00f3n, por ello tengo mucha fe que vamos a poder volver una realidad este prop\u00f3sito.<\/p>\n\n\n\n<p>Dijo que las 20 iniciativas identificadas por la Direcci\u00f3n Ejecutiva del fideicomiso DO Sostenible marcan el inicio de hacia d\u00f3nde deber\u00e1n dirigirse en materia de gesti\u00f3n de residuos s\u00f3lidos y se estima que estas iniciativas impactar\u00edan en el 40% de los residuos generados en el pa\u00eds y con su manejo efectivo mejorar\u00e1n la calidad de vida de la gente y mitigar\u00e1n el alto impacto ambiental que vienen causando.<\/p>\n\n\n\n<p>Estuvieron presentes el presidente de la C\u00e1mara de Diputados, Alfredo Pacheco; el ministro encargado de Proyectos Estrat\u00e9gicos y Especiales de la Presidencia, Jos\u00e9 Leonel -Neney- Cabrera; el administrador general del Banco de Banreservas, Samuel Pereyra; el gerente general de Fiduciaria Reservas, Andr\u00e9s Vander Horts y la vicepresidenta de la Red Nacional de Apoyo Empresarial a la Protecci\u00f3n Ambiental (ECORED) y miembro del consejo de Fideicomiso, Dania Heredia Ram\u00edrez.<\/p>\n\n\n\n<p>Tambi\u00e9n, la senadora del Distrito Nacional, Faride Raful; el director general de Alianzas P\u00fablico-Privadas, Sigmund Freud; la vicepresidenta de la Asociaci\u00f3n de Industrias de Rep\u00fablica Dominicana (AIRD), Anyarlene Berg\u00e9s; el senador de La Vega, Ram\u00f3n Rogelio Genao y Rita Abinader Corona De Lulo.<\/p>\n\n\n\n<p>Fuente: Direcci\u00f3n de Estrategia y Comunicaci\u00f3n Gubernamental<\/p>\n\n\n\n<p>Ministerio Administrativo de la Presidencia de la Rep\u00fablica Dominicana<\/p>\n","protected":false},"excerpt":{"rendered":"<p>diariodominicano.com Santo Domingo, R. D., 7 de diciembre, 2021.- El presidente Luis Abinader encabez\u00f3 este martes el lanzamiento del Fideicomiso P\u00fablico-Privado de Gesti\u00f3n Integral de Residuos, el cual servir\u00e1 de instrumento fundamental para solucionar la problem\u00e1tica que representa el manejo de los residuos en la Rep\u00fablica Dominicana. El gobernante inform\u00f3 que a trav\u00e9s de la [&hellip;]<\/p>\n","protected":false},"author":5,"featured_media":314806,"comment_status":"closed","ping_status":"","sticky":true,"template":"","format":"standard","meta":{"footnotes":""},"categories":[23,27],"tags":[],"class_list":["post-314801","post","type-post","status-publish","format-standard","has-post-thumbnail","hentry","category-internacional","category-portada"],"_links":{"self":[{"href":"https:\/\/diariodominicano.com\/index.php?rest_route=\/wp\/v2\/posts\/314801","targetHints":{"allow":["GET"]}}],"collection":[{"href":"https:\/\/diariodominicano.com\/index.php?rest_route=\/wp\/v2\/posts"}],"about":[{"href":"https:\/\/diariodominicano.com\/index.php?rest_route=\/wp\/v2\/types\/post"}],"author":[{"embeddable":true,"href":"https:\/\/diariodominicano.com\/index.php?rest_route=\/wp\/v2\/users\/5"}],"replies":[{"embeddable":true,"href":"https:\/\/diariodominicano.com\/index.php?rest_route=%2Fwp%2Fv2%2Fcomments&post=314801"}],"version-history":[{"count":1,"href":"https:\/\/diariodominicano.com\/index.php?rest_route=\/wp\/v2\/posts\/314801\/revisions"}],"predecessor-version":[{"id":314807,"href":"https:\/\/diariodominicano.com\/index.php?rest_route=\/wp\/v2\/posts\/314801\/revisions\/314807"}],"wp:featuredmedia":[{"embeddable":true,"href":"https:\/\/diariodominicano.com\/index.php?rest_route=\/wp\/v2\/media\/314806"}],"wp:attachment":[{"href":"https:\/\/diariodominicano.com\/index.php?rest_route=%2Fwp%2Fv2%2Fmedia&parent=314801"}],"wp:term":[{"taxonomy":"category","embeddable":true,"href":"https:\/\/diariodominicano.com\/index.php?rest_route=%2Fwp%2Fv2%2Fcategories&post=314801"},{"taxonomy":"post_tag","embeddable":true,"href":"https:\/\/diariodominicano.com\/index.php?rest_route=%2Fwp%2Fv2%2Ftags&post=314801"}],"curies":[{"name":"wp","href":"https:\/\/api.w.org\/{rel}","templated":true}]}}