{"id":314747,"date":"2021-12-07T19:52:15","date_gmt":"2021-12-07T23:52:15","guid":{"rendered":"http:\/\/diariodominicano.com\/?p=314747"},"modified":"2021-12-07T19:52:15","modified_gmt":"2021-12-07T23:52:15","slug":"experto-ve-desafio-muy-grande-para-mexico-en-restablecimiento-del-programa-migratorio-de-eeuu","status":"publish","type":"post","link":"https:\/\/diariodominicano.com\/?p=314747","title":{"rendered":"Experto ve \u00abdesaf\u00edo muy grande\u00bb para M\u00e9xico en restablecimiento del programa migratorio de EEUU"},"content":{"rendered":"\n<p><a href=\"https:\/\/www.xinhua-news.com\/gdsdetailxhs\/share\/10698100-?pageflag=iframe\" target=\"_blank\" rel=\"noreferrer noopener\"><\/a><\/p>\n\n\n\n<pre id=\"text-news-description\" class=\"wp-block-preformatted\">diariodominicano.com\n\n   M\u00c9XICO, 7 dic (Xinhua) -- La reinstalaci\u00f3n temporal del programa migratorio estadounidense \"Qu\u00e9date en M\u00e9xico\" representa un \"desaf\u00edo muy grande\" para el gobierno mexicano desde los puntos de vista material y humano, dijo en una entrevista difundida hoy el ex titular del Instituto Nacional de Migraci\u00f3n (INM), Tonatiuh Guill\u00e9n.\n   La parte material del programa \"est\u00e1 descansando en lo que haga el gobierno mexicano\", por lo que \"el desaf\u00edo va a ser muy grande y lo que vamos a ver es que la protecci\u00f3n de los migrantes sea insuficiente y deficiente\", manifest\u00f3 Guill\u00e9n al diario local \"La Raz\u00f3n\".\n   Desde su punto de vista, los t\u00e9rminos bajo los que se reinstal\u00f3 el programa migratorio, que obliga a los solicitantes de asilo en Estados Unidos a esperar en la naci\u00f3n vecina la resoluci\u00f3n de sus casos, son \"una lista importante de lo que se supone ofrecer\u00e1 M\u00e9xico\".\n   Si bien se anunci\u00f3 que habr\u00e1 recursos desde Estados Unidos que permitan concretar el programa, a\u00fan se desconoce si se destinar\u00e1n a albergues, ni c\u00f3mo se va a operar, apunt\u00f3 Guill\u00e9n, comisionado del INM en 2018 y 2019.\n   El gobierno mexicano acept\u00f3 el 2 de diciembre la reinstalaci\u00f3n temporal a partir del lunes de los Protocolos de Protecci\u00f3n al Migrante (MPP, por sus siglas en ingl\u00e9s), tambi\u00e9n conocido como el programa \"Qu\u00e9date en M\u00e9xico\".\n   El programa fue aceptado nuevamente por el gobierno de M\u00e9xico, luego de que su par estadounidense le comunic\u00f3 que atender\u00e1 todas las preocupaciones humanitarias que le fueron planteadas, como la vacunaci\u00f3n contra la enfermedad del nuevo coronavirus (COVID-19) para los migrantes que sean enviados a suelo mexicano.\n   \"Qu\u00e9date en M\u00e9xico\" fue creado durante la presidencia de Donald Trump y suspendido por el gobierno del dem\u00f3crata Joe Biden en febrero, pero decisiones judiciales ordenaron su reinstalaci\u00f3n inmediata.\n   Guill\u00e9n prev\u00e9 que bajo los MPP ser\u00e1n retornados a M\u00e9xico al menos 700 migrantes diarios, unos 21.000 por mes, lo cual en opini\u00f3n de expertos puede agravar a\u00fan m\u00e1s la crisis migratoria que atraviesan el pa\u00eds y la regi\u00f3n. <\/pre>\n","protected":false},"excerpt":{"rendered":"<p>diariodominicano.com M\u00c9XICO, 7 dic (Xinhua) &#8212; La reinstalaci\u00f3n temporal del programa migratorio estadounidense \u00abQu\u00e9date en M\u00e9xico\u00bb representa un \u00abdesaf\u00edo muy grande\u00bb para el gobierno mexicano desde los puntos de vista material y humano, dijo en una entrevista difundida hoy el ex titular del Instituto Nacional de Migraci\u00f3n (INM), Tonatiuh Guill\u00e9n. La parte material del programa [&hellip;]<\/p>\n","protected":false},"author":5,"featured_media":314761,"comment_status":"closed","ping_status":"","sticky":true,"template":"","format":"standard","meta":{"footnotes":""},"categories":[23,27],"tags":[],"class_list":["post-314747","post","type-post","status-publish","format-standard","has-post-thumbnail","hentry","category-internacional","category-portada"],"_links":{"self":[{"href":"https:\/\/diariodominicano.com\/index.php?rest_route=\/wp\/v2\/posts\/314747","targetHints":{"allow":["GET"]}}],"collection":[{"href":"https:\/\/diariodominicano.com\/index.php?rest_route=\/wp\/v2\/posts"}],"about":[{"href":"https:\/\/diariodominicano.com\/index.php?rest_route=\/wp\/v2\/types\/post"}],"author":[{"embeddable":true,"href":"https:\/\/diariodominicano.com\/index.php?rest_route=\/wp\/v2\/users\/5"}],"replies":[{"embeddable":true,"href":"https:\/\/diariodominicano.com\/index.php?rest_route=%2Fwp%2Fv2%2Fcomments&post=314747"}],"version-history":[{"count":1,"href":"https:\/\/diariodominicano.com\/index.php?rest_route=\/wp\/v2\/posts\/314747\/revisions"}],"predecessor-version":[{"id":314775,"href":"https:\/\/diariodominicano.com\/index.php?rest_route=\/wp\/v2\/posts\/314747\/revisions\/314775"}],"wp:featuredmedia":[{"embeddable":true,"href":"https:\/\/diariodominicano.com\/index.php?rest_route=\/wp\/v2\/media\/314761"}],"wp:attachment":[{"href":"https:\/\/diariodominicano.com\/index.php?rest_route=%2Fwp%2Fv2%2Fmedia&parent=314747"}],"wp:term":[{"taxonomy":"category","embeddable":true,"href":"https:\/\/diariodominicano.com\/index.php?rest_route=%2Fwp%2Fv2%2Fcategories&post=314747"},{"taxonomy":"post_tag","embeddable":true,"href":"https:\/\/diariodominicano.com\/index.php?rest_route=%2Fwp%2Fv2%2Ftags&post=314747"}],"curies":[{"name":"wp","href":"https:\/\/api.w.org\/{rel}","templated":true}]}}