{"id":314631,"date":"2021-12-07T13:50:53","date_gmt":"2021-12-07T17:50:53","guid":{"rendered":"http:\/\/diariodominicano.com\/?p=314631"},"modified":"2021-12-07T13:50:53","modified_gmt":"2021-12-07T17:50:53","slug":"sismo-de-magnitud-55-grados-estremece-region-sur-de-peru","status":"publish","type":"post","link":"https:\/\/diariodominicano.com\/?p=314631","title":{"rendered":"Sismo de magnitud 5,5 grados estremece regi\u00f3n sur de Per\u00fa"},"content":{"rendered":"\n<p>diariodominicano.com<a rel=\"noreferrer noopener\" href=\"https:\/\/www.xinhua-news.com\/gdsdetailxhs\/share\/10697523-?pageflag=iframe\" target=\"_blank\"><\/a><\/p>\n\n\n\n<pre id=\"text-news-description\" class=\"wp-block-preformatted\">   LIMA, 7 dic (Xinhua) -- Un sismo de magnitud 5,5 grados sacudi\u00f3 la madrugada de hoy martes la regi\u00f3n peruana de Tacna, en la zona sur del pa\u00eds sudamericano, sin el registro hasta el momento de da\u00f1os materiales o personas heridas, inform\u00f3 el Instituto Geof\u00edsico del Per\u00fa.\n   La instituci\u00f3n detall\u00f3 que el movimiento se registr\u00f3 a las 04:39 hora local (09:39 GMT), con epicentro a 108 kil\u00f3metros al suroeste del distrito de Tacna y a una profundidad de 28 kil\u00f3metros.\n   El Instituto Nacional de Defensa Civil indic\u00f3 a su vez que hasta el momento no se reportaban da\u00f1os personales ni a la infraestructura, aunque las autoridades continuaban con el monitoreo en zonas vulnerables.\n   La instituci\u00f3n recomend\u00f3 mantener la calma y evitar el p\u00e1nico frente a una situaci\u00f3n de temblor, adem\u00e1s de elaborar un plan de evacuaci\u00f3n familiar, verificar las v\u00edas de salida y  mochila de emergencia a la mano.\n   Por su parte, la Direcci\u00f3n de Hidrograf\u00eda y Navegaci\u00f3n de la Marina de Guerra detall\u00f3 que el fen\u00f3meno no gener\u00f3 tsunami en el litoral peruano.\n   El  28 de noviembre pasado, Per\u00fa registr\u00f3 un potente terremoto de magnitud 7,5 grados con epicentro a 98 kil\u00f3metros al oriente de la localidad de Santa Mar\u00eda de Nieva, en el departamento norte\u00f1o de Amazonas, con saldo de cinco personas heridas.\n   El terremoto se sinti\u00f3 en gran parte de la costa central del pa\u00eds y gener\u00f3 da\u00f1os en al menos nueve de sus regiones, as\u00ed como afectaciones en el sur de Ecuador.\n   Per\u00fa se encuentra ubicado en la zona denominada Cintur\u00f3n de Fuego del Pac\u00edfico, donde se registra alrededor del 85 por ciento de la actividad s\u00edsmica mundial. <\/pre>\n","protected":false},"excerpt":{"rendered":"<p>diariodominicano.com LIMA, 7 dic (Xinhua) &#8212; Un sismo de magnitud 5,5 grados sacudi\u00f3 la madrugada de hoy martes la regi\u00f3n peruana de Tacna, en la zona sur del pa\u00eds sudamericano, sin el registro hasta el momento de da\u00f1os materiales o personas heridas, inform\u00f3 el Instituto Geof\u00edsico del Per\u00fa. La instituci\u00f3n detall\u00f3 que el movimiento se [&hellip;]<\/p>\n","protected":false},"author":5,"featured_media":314633,"comment_status":"closed","ping_status":"","sticky":true,"template":"","format":"standard","meta":{"footnotes":""},"categories":[23,27],"tags":[],"class_list":["post-314631","post","type-post","status-publish","format-standard","has-post-thumbnail","hentry","category-internacional","category-portada"],"_links":{"self":[{"href":"https:\/\/diariodominicano.com\/index.php?rest_route=\/wp\/v2\/posts\/314631","targetHints":{"allow":["GET"]}}],"collection":[{"href":"https:\/\/diariodominicano.com\/index.php?rest_route=\/wp\/v2\/posts"}],"about":[{"href":"https:\/\/diariodominicano.com\/index.php?rest_route=\/wp\/v2\/types\/post"}],"author":[{"embeddable":true,"href":"https:\/\/diariodominicano.com\/index.php?rest_route=\/wp\/v2\/users\/5"}],"replies":[{"embeddable":true,"href":"https:\/\/diariodominicano.com\/index.php?rest_route=%2Fwp%2Fv2%2Fcomments&post=314631"}],"version-history":[{"count":1,"href":"https:\/\/diariodominicano.com\/index.php?rest_route=\/wp\/v2\/posts\/314631\/revisions"}],"predecessor-version":[{"id":314634,"href":"https:\/\/diariodominicano.com\/index.php?rest_route=\/wp\/v2\/posts\/314631\/revisions\/314634"}],"wp:featuredmedia":[{"embeddable":true,"href":"https:\/\/diariodominicano.com\/index.php?rest_route=\/wp\/v2\/media\/314633"}],"wp:attachment":[{"href":"https:\/\/diariodominicano.com\/index.php?rest_route=%2Fwp%2Fv2%2Fmedia&parent=314631"}],"wp:term":[{"taxonomy":"category","embeddable":true,"href":"https:\/\/diariodominicano.com\/index.php?rest_route=%2Fwp%2Fv2%2Fcategories&post=314631"},{"taxonomy":"post_tag","embeddable":true,"href":"https:\/\/diariodominicano.com\/index.php?rest_route=%2Fwp%2Fv2%2Ftags&post=314631"}],"curies":[{"name":"wp","href":"https:\/\/api.w.org\/{rel}","templated":true}]}}