{"id":314599,"date":"2021-12-07T11:59:33","date_gmt":"2021-12-07T15:59:33","guid":{"rendered":"http:\/\/diariodominicano.com\/?p=314599"},"modified":"2021-12-07T11:59:33","modified_gmt":"2021-12-07T15:59:33","slug":"fcs-uasd-realiza-jornada-de-gripe-influenza-y-mamografia-contra-el-cancer-de-mama-y-prostata","status":"publish","type":"post","link":"https:\/\/diariodominicano.com\/?p=314599","title":{"rendered":"FCS-UASD realiza jornada de gripe influenza y mamograf\u00eda contra el c\u00e1ncer de mama y prostata"},"content":{"rendered":"\n<p>diariodominicano.com<\/p>\n\n\n\n<p>Santo Domingo, R. D., 7 de diciembre, 2021.-  La Facultad de Ciencias de la Salud(FCS) de la Universidad Aut\u00f3noma de Santo Domingo (UASD), junto al Sistema Nacional de Salud (SNS),\u00a0 inici\u00f3 este martes la jornada de vacunaci\u00f3n contra la influenza, as\u00ed como monograf\u00edas de mama y de pr\u00f3stata con el objetivo de prevenir gripe y enfermedades cancer\u00edgenas.<\/p>\n\n\n\n<p>La decana de la FCS, doctora Rosel Fern\u00e1ndez dijo que el operativo busca dar respuesta a la tasa elevada de pacientes afectados de c\u00e1ncer de pr\u00f3stata, de mama y del virus de la influenza, en la etapa en la que nos encontramos, cumpliendo con las edades requeridas.<\/p>\n\n\n\n<p>Fern\u00e1ndez agreg\u00f3 que el operativo que se realiza desde las 8:00 am hasta las 6:00 am, cuenta con el apoyo del Sistema Nacional de Salud, programa Ampliado de inmunizaci\u00f3n y el \u00e1rea Qu\u00edmica que es el que le corresponde a la academia en la demarcaci\u00f3n geogr\u00e1fica.<\/p>\n\n\n\n<p>Con un equipo conformado con m\u00e1s de 40 personas, m\u00e1s el equipo de soporte de la academia como el dispensario m\u00e9dico y de enfermer\u00eda, se busca dar respuesta a una gran poblaci\u00f3n que se espera que asista a vacunarse contra la influenza y hacerse su chequeo de sonograf\u00eda tanto de pr\u00f3stata como de mama de manera gratuita en la explanada de la Facultad de medicina.<\/p>\n\n\n\n<p>Fern\u00e1ndez dijo que el operativo es solo por este martes, pero que la vacunaci\u00f3n sobre la influenza continuar\u00e1 en el dispensario de la academia y se\u00f1al\u00f3 &nbsp;que el virus se est\u00e1 confundiendo con el covid-19 ya que presenta las mismas manifestaciones en el paciente.<\/p>\n\n\n\n<p>Al hablar sobre el virus de la influenza, la profesional de la salud signific\u00f3 que este podr\u00eda provocar hasta la muerte, ya que afecta las fosas nasales, la garganta, todo el sistema respiratorio incluyendo los pulmones si el paciente tiene alguna complicaci\u00f3n de base.<\/p>\n\n\n\n<p>Asegur\u00f3 que se realiza dentro del marco del compromiso social que tiene la UASD y su Facultad de Ciencias de la Salud con la comunidad en todos los aspectos de la vida, al tiempo que hizo un llamado a todos los uasdianos a que acudan al operativo, cumpliendo con las norma de bioseguridad.<\/p>\n\n\n\n<figure class=\"wp-block-table\"><table><tbody><tr><td>Fuente:  <strong>Relaciones P\u00fablicas<\/strong><\/td><\/tr><\/tbody><\/table><\/figure>\n","protected":false},"excerpt":{"rendered":"<p>diariodominicano.com Santo Domingo, R. D., 7 de diciembre, 2021.- La Facultad de Ciencias de la Salud(FCS) de la Universidad Aut\u00f3noma de Santo Domingo (UASD), junto al Sistema Nacional de Salud (SNS),\u00a0 inici\u00f3 este martes la jornada de vacunaci\u00f3n contra la influenza, as\u00ed como monograf\u00edas de mama y de pr\u00f3stata con el objetivo de prevenir gripe [&hellip;]<\/p>\n","protected":false},"author":5,"featured_media":314600,"comment_status":"closed","ping_status":"","sticky":true,"template":"","format":"standard","meta":{"footnotes":""},"categories":[20,27],"tags":[],"class_list":["post-314599","post","type-post","status-publish","format-standard","has-post-thumbnail","hentry","category-dominicana-hoy","category-portada"],"_links":{"self":[{"href":"https:\/\/diariodominicano.com\/index.php?rest_route=\/wp\/v2\/posts\/314599","targetHints":{"allow":["GET"]}}],"collection":[{"href":"https:\/\/diariodominicano.com\/index.php?rest_route=\/wp\/v2\/posts"}],"about":[{"href":"https:\/\/diariodominicano.com\/index.php?rest_route=\/wp\/v2\/types\/post"}],"author":[{"embeddable":true,"href":"https:\/\/diariodominicano.com\/index.php?rest_route=\/wp\/v2\/users\/5"}],"replies":[{"embeddable":true,"href":"https:\/\/diariodominicano.com\/index.php?rest_route=%2Fwp%2Fv2%2Fcomments&post=314599"}],"version-history":[{"count":1,"href":"https:\/\/diariodominicano.com\/index.php?rest_route=\/wp\/v2\/posts\/314599\/revisions"}],"predecessor-version":[{"id":314601,"href":"https:\/\/diariodominicano.com\/index.php?rest_route=\/wp\/v2\/posts\/314599\/revisions\/314601"}],"wp:featuredmedia":[{"embeddable":true,"href":"https:\/\/diariodominicano.com\/index.php?rest_route=\/wp\/v2\/media\/314600"}],"wp:attachment":[{"href":"https:\/\/diariodominicano.com\/index.php?rest_route=%2Fwp%2Fv2%2Fmedia&parent=314599"}],"wp:term":[{"taxonomy":"category","embeddable":true,"href":"https:\/\/diariodominicano.com\/index.php?rest_route=%2Fwp%2Fv2%2Fcategories&post=314599"},{"taxonomy":"post_tag","embeddable":true,"href":"https:\/\/diariodominicano.com\/index.php?rest_route=%2Fwp%2Fv2%2Ftags&post=314599"}],"curies":[{"name":"wp","href":"https:\/\/api.w.org\/{rel}","templated":true}]}}