{"id":314595,"date":"2021-12-07T11:41:07","date_gmt":"2021-12-07T15:41:07","guid":{"rendered":"http:\/\/diariodominicano.com\/?p=314595"},"modified":"2021-12-07T11:41:07","modified_gmt":"2021-12-07T15:41:07","slug":"la-dura-critica-del-papa-a-la-union-europea-por-pedir-evitar-la-palabra-navidad","status":"publish","type":"post","link":"https:\/\/diariodominicano.com\/?p=314595","title":{"rendered":"La dura cr\u00edtica del Papa a la Uni\u00f3n Europea por pedir evitar la palabra \u201cNavidad\u201d"},"content":{"rendered":"\n<p>diariodominicano.com<\/p>\n\n\n\n<p>POR\u00a0<a href=\"https:\/\/plus.google.com\/107804778779838332355\/?rel=author\">WALTER S\u00c1NCHEZ SILVA<\/a>\u00a0| ACI Prensa<\/p>\n\n\n\n<p>Vaticano, 7 de diciembre, 2021.-  En el vuelo de retorno de Atenas a Roma, luego de su viaje apost\u00f3lico a Chipre y Grecia realizado del 2 al 6 de diciembre, el Papa Francisco critic\u00f3 a la Uni\u00f3n Europea por haber pedido evitar que se use la palabra \u201cNavidad\u201d.<\/p>\n\n\n\n<p>En la rueda de prensa que ofreci\u00f3 a bordo del avi\u00f3n papal este lunes, el Santo Padre se refiri\u00f3 al documento interno de 32 p\u00e1ginas titulado \u201c#UnionOfEquality. Directrices de la Comisi\u00f3n Europea para una comunicaci\u00f3n inclusiva\u201d, presentado el 26 de octubre por la Comisar\u00eda de Igualdad de la UE, Helena Dalli.<\/p>\n\n\n\n<p>Dalli anunci\u00f3 el 30 de noviembre que retirar\u00eda las pautas y dijo que \u00abclaramente necesitan m\u00e1s trabajo\u00bb.<\/p>\n\n\n\n<p>La gu\u00eda instaba a los empleados de la Com\u00edsi\u00f3n Europea, la rama ejecutiva de la Uni\u00f3n Europea (UE), a \u00abevitar asumir que todos son cristianos\u00bb.<\/p>\n\n\n\n<p>\u201cNo todo el mundo celebra las fiestas cristianas y no todos los cristianos las celebran en las mismas fechas\u201d, dice el texto.<\/p>\n\n\n\n<p>El Papa dijo que el documento de la Uni\u00f3n Europea \u201c<strong>es un anacronismo esto, un anacronismo de la historia<\/strong>\u201d.<\/p>\n\n\n\n<p>\u201cTantas dictaduras han buscado hacerlo: piensa en Napole\u00f3n, piensa en la dictadura nazi y la comunista. Es una moda de la laicidad diluida, agua destilada. Esta es una cosa que no funcion\u00f3 durante la historia, pero esto me hace pensar en una cosa que, hablando de la Uni\u00f3n Europea, creo que es necesaria\u201d, dijo el Santo Padre.<\/p>\n\n\n\n<p>\u201cCreo que debe tomar en sus manos los ideales de los padres fundadores, que eran ideales de unidad, de grandeza. Estar atento a no dar paso a las colonizaciones ideol\u00f3gicas. Esto podr\u00eda llegar a dividir los pa\u00edses y afectar a la Uni\u00f3n Europea\u201d.<\/p>\n\n\n\n<p>La gu\u00eda animaba a los funcionarios que se encuentran en la sede de Bruselas (B\u00e9lgica) y en Luxemburgo, a evitar una frase como \u00abla Navidad puede ser estresante\u00bb, y en su lugar decir \u00ablas vacaciones pueden ser estresantes\u00bb.<\/p>\n\n\n\n<p>Tambi\u00e9n recomend\u00f3 usar el t\u00e9rmino \u00abprimer nombre\u00bb en lugar de \u00abnombre cristiano\u00bb, y que al presentar ejemplos hipot\u00e9ticos, los funcionarios deben \u00abno solo elegir nombres que son t\u00edpicamente de una religi\u00f3n\u00bb.<\/p>\n\n\n\n<p>El Papa consider\u00f3 asimismo que \u201cla Uni\u00f3n Europea debe respetar a cada pa\u00eds, como est\u00e1 estructurado dentro, y no querer uniformar. Yo creo que no lo har\u00e1, no es su intenci\u00f3n, pero estar atento porque a veces vienen y van proyectos como este y no saben qu\u00e9 cosa hacer\u201d.<\/p>\n\n\n\n<p>\u201cCada pa\u00eds tiene su propia peculiaridad, cada pa\u00eds est\u00e1 abierto a los otros. Uni\u00f3n Europea. Soberan\u00eda suya, soberan\u00eda de los hermanos en una unidad que respeta la singularidad de cada pa\u00eds y estar atentos a no ser veh\u00edculos de colonizaciones ideol\u00f3gicas\u201d.<\/p>\n\n\n\n<p>Por esto, concluy\u00f3 el Papa, el documento de la Uni\u00f3n Europea que se refiere a \u201cla Navidad es un anacronismo\u201d.<\/p>\n","protected":false},"excerpt":{"rendered":"<p>diariodominicano.com POR\u00a0WALTER S\u00c1NCHEZ SILVA\u00a0| ACI Prensa Vaticano, 7 de diciembre, 2021.- En el vuelo de retorno de Atenas a Roma, luego de su viaje apost\u00f3lico a Chipre y Grecia realizado del 2 al 6 de diciembre, el Papa Francisco critic\u00f3 a la Uni\u00f3n Europea por haber pedido evitar que se use la palabra \u201cNavidad\u201d. En [&hellip;]<\/p>\n","protected":false},"author":5,"featured_media":275670,"comment_status":"closed","ping_status":"","sticky":true,"template":"","format":"standard","meta":{"footnotes":""},"categories":[23,27],"tags":[],"class_list":["post-314595","post","type-post","status-publish","format-standard","has-post-thumbnail","hentry","category-internacional","category-portada"],"_links":{"self":[{"href":"https:\/\/diariodominicano.com\/index.php?rest_route=\/wp\/v2\/posts\/314595","targetHints":{"allow":["GET"]}}],"collection":[{"href":"https:\/\/diariodominicano.com\/index.php?rest_route=\/wp\/v2\/posts"}],"about":[{"href":"https:\/\/diariodominicano.com\/index.php?rest_route=\/wp\/v2\/types\/post"}],"author":[{"embeddable":true,"href":"https:\/\/diariodominicano.com\/index.php?rest_route=\/wp\/v2\/users\/5"}],"replies":[{"embeddable":true,"href":"https:\/\/diariodominicano.com\/index.php?rest_route=%2Fwp%2Fv2%2Fcomments&post=314595"}],"version-history":[{"count":1,"href":"https:\/\/diariodominicano.com\/index.php?rest_route=\/wp\/v2\/posts\/314595\/revisions"}],"predecessor-version":[{"id":314596,"href":"https:\/\/diariodominicano.com\/index.php?rest_route=\/wp\/v2\/posts\/314595\/revisions\/314596"}],"wp:featuredmedia":[{"embeddable":true,"href":"https:\/\/diariodominicano.com\/index.php?rest_route=\/wp\/v2\/media\/275670"}],"wp:attachment":[{"href":"https:\/\/diariodominicano.com\/index.php?rest_route=%2Fwp%2Fv2%2Fmedia&parent=314595"}],"wp:term":[{"taxonomy":"category","embeddable":true,"href":"https:\/\/diariodominicano.com\/index.php?rest_route=%2Fwp%2Fv2%2Fcategories&post=314595"},{"taxonomy":"post_tag","embeddable":true,"href":"https:\/\/diariodominicano.com\/index.php?rest_route=%2Fwp%2Fv2%2Ftags&post=314595"}],"curies":[{"name":"wp","href":"https:\/\/api.w.org\/{rel}","templated":true}]}}