{"id":314589,"date":"2021-12-07T11:02:27","date_gmt":"2021-12-07T15:02:27","guid":{"rendered":"http:\/\/diariodominicano.com\/?p=314589"},"modified":"2021-12-07T11:02:27","modified_gmt":"2021-12-07T15:02:27","slug":"ee-uu-se-compromete-invertir-unos-11-mil-millones-de-dolares-para-combatir-desnutricion-global","status":"publish","type":"post","link":"https:\/\/diariodominicano.com\/?p=314589","title":{"rendered":"EE. UU se compromete  invertir unos $ 11 mil millones de d\u00f3lares para   combatir desnutrici\u00f3n global"},"content":{"rendered":"\n<p>diariodominicano.com<\/p>\n\n\n\n<p>Washington, DC, 7 de diciembre, 2021.-  La Cumbre de Nutrici\u00f3n para el Crecimiento (N4G), organizada hoy por el Gobierno de Jap\u00f3n, representa un hito fundamental para abordar la desnutrici\u00f3n en todas sus formas en todo el mundo.\u00a0Sobre la base de los esfuerzos y compromisos sustanciales que asumi\u00f3 Estados Unidos en la Cumbre de sistemas alimentarios de las Naciones Unidas de 2021, tenemos la intenci\u00f3n de invertir hasta $ 11 mil millones durante tres a\u00f1os, sujeto a las asignaciones del Congreso, para combatir la desnutrici\u00f3n global, la causa subyacente de casi la mitad de la infancia. muertes a nivel mundial.<\/p>\n\n\n\n<p>\u00a0Este compromiso financiero va acompa\u00f1ado de un s\u00f3lido conjunto de compromisos program\u00e1ticos y de pol\u00edticas para proteger y mejorar la nutrici\u00f3n mundial.\u00a0Estados Unidos tambi\u00e9n reafirm\u00f3 su liderazgo hist\u00f3rico en nutrici\u00f3n con el reciente lanzamiento del segundo Plan de Coordinaci\u00f3n de Nutrici\u00f3n Global del gobierno de Estados Unidos.<\/p>\n\n\n\n<p>Una buena nutrici\u00f3n es esencial para salvaguardar la vida de los ni\u00f1os y su capacidad para alcanzar su m\u00e1ximo potencial f\u00edsico e intelectual.\u00a0Tambi\u00e9n es fundamental para el desarrollo econ\u00f3mico, la seguridad y la prosperidad m\u00e1s amplios.<\/p>\n\n\n\n<p>\u00a0M\u00e1s all\u00e1 de eso, es un imperativo moral.\u00a0Trabajaremos para asegurarnos de que las crisis globales, incluido el COVID-19 y la crisis clim\u00e1tica, no empeoren la situaci\u00f3n de la nutrici\u00f3n global y que las tendencias negativas de la malnutrici\u00f3n se inviertan.\u00a0Junto con socios de todo el mundo, estamos orgullosos de promover estos esfuerzos en la Cumbre N4G.<\/p>\n\n\n\n<p> Fuente:  Departamento de Estado de EE. UU. <\/p>\n\n\n\n<p>Antony J. Blinken, Secretario de Estado<\/p>\n","protected":false},"excerpt":{"rendered":"<p>diariodominicano.com Washington, DC, 7 de diciembre, 2021.- La Cumbre de Nutrici\u00f3n para el Crecimiento (N4G), organizada hoy por el Gobierno de Jap\u00f3n, representa un hito fundamental para abordar la desnutrici\u00f3n en todas sus formas en todo el mundo.\u00a0Sobre la base de los esfuerzos y compromisos sustanciales que asumi\u00f3 Estados Unidos en la Cumbre de sistemas [&hellip;]<\/p>\n","protected":false},"author":5,"featured_media":314590,"comment_status":"closed","ping_status":"","sticky":true,"template":"","format":"standard","meta":{"footnotes":""},"categories":[23,27],"tags":[],"class_list":["post-314589","post","type-post","status-publish","format-standard","has-post-thumbnail","hentry","category-internacional","category-portada"],"_links":{"self":[{"href":"https:\/\/diariodominicano.com\/index.php?rest_route=\/wp\/v2\/posts\/314589","targetHints":{"allow":["GET"]}}],"collection":[{"href":"https:\/\/diariodominicano.com\/index.php?rest_route=\/wp\/v2\/posts"}],"about":[{"href":"https:\/\/diariodominicano.com\/index.php?rest_route=\/wp\/v2\/types\/post"}],"author":[{"embeddable":true,"href":"https:\/\/diariodominicano.com\/index.php?rest_route=\/wp\/v2\/users\/5"}],"replies":[{"embeddable":true,"href":"https:\/\/diariodominicano.com\/index.php?rest_route=%2Fwp%2Fv2%2Fcomments&post=314589"}],"version-history":[{"count":1,"href":"https:\/\/diariodominicano.com\/index.php?rest_route=\/wp\/v2\/posts\/314589\/revisions"}],"predecessor-version":[{"id":314591,"href":"https:\/\/diariodominicano.com\/index.php?rest_route=\/wp\/v2\/posts\/314589\/revisions\/314591"}],"wp:featuredmedia":[{"embeddable":true,"href":"https:\/\/diariodominicano.com\/index.php?rest_route=\/wp\/v2\/media\/314590"}],"wp:attachment":[{"href":"https:\/\/diariodominicano.com\/index.php?rest_route=%2Fwp%2Fv2%2Fmedia&parent=314589"}],"wp:term":[{"taxonomy":"category","embeddable":true,"href":"https:\/\/diariodominicano.com\/index.php?rest_route=%2Fwp%2Fv2%2Fcategories&post=314589"},{"taxonomy":"post_tag","embeddable":true,"href":"https:\/\/diariodominicano.com\/index.php?rest_route=%2Fwp%2Fv2%2Ftags&post=314589"}],"curies":[{"name":"wp","href":"https:\/\/api.w.org\/{rel}","templated":true}]}}