{"id":314584,"date":"2021-12-07T10:20:54","date_gmt":"2021-12-07T14:20:54","guid":{"rendered":"http:\/\/diariodominicano.com\/?p=314584"},"modified":"2021-12-07T10:20:54","modified_gmt":"2021-12-07T14:20:54","slug":"medio-ambiente-retira-embarcacion-con-contaminantes-que-amenazaba-manglares-de-estero-balsa","status":"publish","type":"post","link":"https:\/\/diariodominicano.com\/?p=314584","title":{"rendered":"Medio Ambiente retira embarcaci\u00f3n con contaminantes que amenazaba Manglares de Estero Balsa"},"content":{"rendered":"\n<p>diariodominicano.com<\/p>\n\n\n\n<p>Santo Domingo, R. D.,  7 de diciembre, 2021.- El\u00a0Ministerio de Medio Ambiente y Recursos Naturales traslad\u00f3 con \u00e9xito hasta la orilla el barco Mar\u00eda Jos\u00e9, que conten\u00eda en su interior l\u00edquidos contaminantes como aceite quemado, potencialmente da\u00f1ino, el cual permanec\u00eda encallado desde hace a\u00f1os amenazando la biodiversidad del Parque Nacional Manglares de Estero Balsa, a varias millas n\u00e1uticas de la bah\u00eda de Manzanillo.<\/p>\n\n\n\n<p>Con este retiro ordenado por el ministro Orlando Jorge Mera, a trav\u00e9s del viceministerio de Recursos Costeros y Marinos, se elimin\u00f3 la amenaza que representaba esta embarcaci\u00f3n para el referido ecosistema.&nbsp;<\/p>\n\n\n\n<p>El retiro de la embarcaci\u00f3n cont\u00f3 con el apoyo de la Direcci\u00f3n General de Aduanas que don\u00f3 US$100 mil d\u00f3lares, as\u00ed como el apoyo de la Armada Dominicana, y que fue dirigido por el viceministro Jos\u00e9 Ram\u00f3n Reyes.<\/p>\n\n\n\n<p>La operaci\u00f3n inici\u00f3 con la planificaci\u00f3n y diagn\u00f3stico realizados en septiembre del 2020, a solo un mes de asumir la nueva gesti\u00f3n, y se realizaron tres meses de trabajo de campo que permitieron el traslado seguro.&nbsp;<\/p>\n\n\n\n<p>Durante los meses posteriores se realiz\u00f3 la extracci\u00f3n de 2,500 galones de sustancias oleosas, principalmente aceite quemado, lo que permiti\u00f3 reflotar el barco y posteriormente trasladarlo hasta la playa Estero Balsa donde no representa peligro.&nbsp; La extracci\u00f3n de los residuos \u00f3leos se realiz\u00f3 mediante el uso de skimers hidr\u00e1ulicos y para el reflote se usaron seis moto bombas de 4 pulgadas con 600 pies de manguera, un generador el\u00e9ctrico de 40 kilos, cuatro lanchas auxiliares y un bote doble eje de motor interno para remolque.&nbsp; En lo adelante, se est\u00e1 a la espera del gestor autorizado para la disposici\u00f3n final de los residuos encontrados en el interior de la embarcaci\u00f3n.&nbsp;<\/p>\n\n\n\n<p>Se recuerda que el buque Mar\u00eda Jos\u00e9 es una embarcaci\u00f3n de carga general construida en el a\u00f1o 1961 con arqueo bruto de 1,653 toneladas.<\/p>\n\n\n\n<p><strong>Sobre el \u00e1rea amenazada&nbsp;<\/strong><\/p>\n\n\n\n<p>Es importante destacar que El Parque Nacional Manglares de Estero Balsa, que cubre una superficie de 81 km\u00b2 y se extiende a lo largo de unos 17 kil\u00f3metros de costa, es un importante h\u00e1bitat para la fauna, permitiendo que se cr\u00eden muchas especies de peces y otros organismos marinos.<\/p>\n\n\n\n<p>Est\u00e1 constituido por un \u00e1rea de humedales con lagunas que se destaca por su belleza natural, la cual tambi\u00e9n abarca la playa de Estero Balsa, all\u00ed se encuentran tambi\u00e9n aves como el canario de manglar (Dendroica petechia), el coco prieto (Plegadis falcinellus), el coco blanco (Eudocimos albuss), la cuchareta (Platalea ajaja), y el flamenco (Phoenicopterus ruber), los \u00faltimos principalmente en ca\u00f1os y lagunas dentro del manglar.<\/p>\n\n\n\n<p>Este humedal se encuentra en la lista de humedales de importancia internacional, reconocidos por el Convenci\u00f3n de Humedales de Importancia Internacional (RAMSAR).<\/p>\n\n\n\n<p>Fuente: Direcci\u00f3n de Estrategia y Comunicaci\u00f3n Gubernamental<\/p>\n\n\n\n<p>Ministerio Administrativo de la Presidencia de la Rep\u00fablica Dominicana<\/p>\n","protected":false},"excerpt":{"rendered":"<p>diariodominicano.com Santo Domingo, R. D., 7 de diciembre, 2021.- El\u00a0Ministerio de Medio Ambiente y Recursos Naturales traslad\u00f3 con \u00e9xito hasta la orilla el barco Mar\u00eda Jos\u00e9, que conten\u00eda en su interior l\u00edquidos contaminantes como aceite quemado, potencialmente da\u00f1ino, el cual permanec\u00eda encallado desde hace a\u00f1os amenazando la biodiversidad del Parque Nacional Manglares de Estero Balsa, [&hellip;]<\/p>\n","protected":false},"author":5,"featured_media":314585,"comment_status":"closed","ping_status":"","sticky":true,"template":"","format":"standard","meta":{"footnotes":""},"categories":[20,27],"tags":[],"class_list":["post-314584","post","type-post","status-publish","format-standard","has-post-thumbnail","hentry","category-dominicana-hoy","category-portada"],"_links":{"self":[{"href":"https:\/\/diariodominicano.com\/index.php?rest_route=\/wp\/v2\/posts\/314584","targetHints":{"allow":["GET"]}}],"collection":[{"href":"https:\/\/diariodominicano.com\/index.php?rest_route=\/wp\/v2\/posts"}],"about":[{"href":"https:\/\/diariodominicano.com\/index.php?rest_route=\/wp\/v2\/types\/post"}],"author":[{"embeddable":true,"href":"https:\/\/diariodominicano.com\/index.php?rest_route=\/wp\/v2\/users\/5"}],"replies":[{"embeddable":true,"href":"https:\/\/diariodominicano.com\/index.php?rest_route=%2Fwp%2Fv2%2Fcomments&post=314584"}],"version-history":[{"count":1,"href":"https:\/\/diariodominicano.com\/index.php?rest_route=\/wp\/v2\/posts\/314584\/revisions"}],"predecessor-version":[{"id":314586,"href":"https:\/\/diariodominicano.com\/index.php?rest_route=\/wp\/v2\/posts\/314584\/revisions\/314586"}],"wp:featuredmedia":[{"embeddable":true,"href":"https:\/\/diariodominicano.com\/index.php?rest_route=\/wp\/v2\/media\/314585"}],"wp:attachment":[{"href":"https:\/\/diariodominicano.com\/index.php?rest_route=%2Fwp%2Fv2%2Fmedia&parent=314584"}],"wp:term":[{"taxonomy":"category","embeddable":true,"href":"https:\/\/diariodominicano.com\/index.php?rest_route=%2Fwp%2Fv2%2Fcategories&post=314584"},{"taxonomy":"post_tag","embeddable":true,"href":"https:\/\/diariodominicano.com\/index.php?rest_route=%2Fwp%2Fv2%2Ftags&post=314584"}],"curies":[{"name":"wp","href":"https:\/\/api.w.org\/{rel}","templated":true}]}}