{"id":314581,"date":"2021-12-07T09:51:22","date_gmt":"2021-12-07T13:51:22","guid":{"rendered":"http:\/\/diariodominicano.com\/?p=314581"},"modified":"2021-12-07T09:51:22","modified_gmt":"2021-12-07T13:51:22","slug":"incendio-deja-38-reclusos-muertos-en-prision-en-centro-de-burundi","status":"publish","type":"post","link":"https:\/\/diariodominicano.com\/?p=314581","title":{"rendered":"Incendio deja 38 reclusos muertos en prisi\u00f3n en centro de Burundi"},"content":{"rendered":"\n<p>diariodominicano.com<a rel=\"noreferrer noopener\" href=\"https:\/\/www.xinhua-news.com\/gdsdetailxhs\/share\/10697191-?pageflag=iframe\" target=\"_blank\"><\/a><\/p>\n\n\n\n<pre id=\"text-news-description\" class=\"wp-block-preformatted\">   BUYUMBURA, 7 dic (Xinhua) -- Al menos 38 prisioneros murieron y otros 69 resultaron heridos en un incendio que arras\u00f3 este martes la c\u00e1rcel central de Gitega, en la provincia del mismo nombre, en el centro de Burundi, inform\u00f3 el Ministerio de Seguridad del pa\u00eds africano.\n   El incendio desencadenado en uno de los mayores centros de detenci\u00f3n del pa\u00eds de \u00c1frica oriental se debi\u00f3 a un fallo del sistema de cableado el\u00e9ctrico, dijo el ministerio en su cuenta de Twitter. <\/pre>\n","protected":false},"excerpt":{"rendered":"<p>diariodominicano.com BUYUMBURA, 7 dic (Xinhua) &#8212; Al menos 38 prisioneros murieron y otros 69 resultaron heridos en un incendio que arras\u00f3 este martes la c\u00e1rcel central de Gitega, en la provincia del mismo nombre, en el centro de Burundi, inform\u00f3 el Ministerio de Seguridad del pa\u00eds africano. El incendio desencadenado en uno de los mayores [&hellip;]<\/p>\n","protected":false},"author":5,"featured_media":314582,"comment_status":"closed","ping_status":"","sticky":true,"template":"","format":"standard","meta":{"footnotes":""},"categories":[23,27],"tags":[],"class_list":["post-314581","post","type-post","status-publish","format-standard","has-post-thumbnail","hentry","category-internacional","category-portada"],"_links":{"self":[{"href":"https:\/\/diariodominicano.com\/index.php?rest_route=\/wp\/v2\/posts\/314581","targetHints":{"allow":["GET"]}}],"collection":[{"href":"https:\/\/diariodominicano.com\/index.php?rest_route=\/wp\/v2\/posts"}],"about":[{"href":"https:\/\/diariodominicano.com\/index.php?rest_route=\/wp\/v2\/types\/post"}],"author":[{"embeddable":true,"href":"https:\/\/diariodominicano.com\/index.php?rest_route=\/wp\/v2\/users\/5"}],"replies":[{"embeddable":true,"href":"https:\/\/diariodominicano.com\/index.php?rest_route=%2Fwp%2Fv2%2Fcomments&post=314581"}],"version-history":[{"count":1,"href":"https:\/\/diariodominicano.com\/index.php?rest_route=\/wp\/v2\/posts\/314581\/revisions"}],"predecessor-version":[{"id":314583,"href":"https:\/\/diariodominicano.com\/index.php?rest_route=\/wp\/v2\/posts\/314581\/revisions\/314583"}],"wp:featuredmedia":[{"embeddable":true,"href":"https:\/\/diariodominicano.com\/index.php?rest_route=\/wp\/v2\/media\/314582"}],"wp:attachment":[{"href":"https:\/\/diariodominicano.com\/index.php?rest_route=%2Fwp%2Fv2%2Fmedia&parent=314581"}],"wp:term":[{"taxonomy":"category","embeddable":true,"href":"https:\/\/diariodominicano.com\/index.php?rest_route=%2Fwp%2Fv2%2Fcategories&post=314581"},{"taxonomy":"post_tag","embeddable":true,"href":"https:\/\/diariodominicano.com\/index.php?rest_route=%2Fwp%2Fv2%2Ftags&post=314581"}],"curies":[{"name":"wp","href":"https:\/\/api.w.org\/{rel}","templated":true}]}}