{"id":314390,"date":"2021-12-06T16:10:11","date_gmt":"2021-12-06T20:10:11","guid":{"rendered":"http:\/\/diariodominicano.com\/?p=314390"},"modified":"2021-12-06T16:10:11","modified_gmt":"2021-12-06T20:10:11","slug":"director-de-la-digecog-dice-que-el-pais-se-recupera-en-terminos-transparencia-y-gestion-economica","status":"publish","type":"post","link":"https:\/\/diariodominicano.com\/?p=314390","title":{"rendered":"Director de la Digecog dice que el pa\u00eds se recupera en t\u00e9rminos transparencia y gesti\u00f3n econ\u00f3mica"},"content":{"rendered":"\n<p>diariodominicano.com<\/p>\n\n\n\n<p>Santo Domingo, R. D.,  6 de diciembre, 2021.-   El director general de la Direcci\u00f3n General de Contabilidad Gubernamental (Digecog) declar\u00f3 que el presidente de la Rep\u00fablica, Luis Abinader Corona, le ha devuelto al pueblo las esperanzas perdidas sobre el sistema de partidos, la democracia y la pulcritud con el que hist\u00f3ricamente se han manejado las finanzas en este pa\u00eds.\u00a0<\/p>\n\n\n\n<p>F\u00e9lix Santana Garc\u00eda manifest\u00f3 que debido al buen criterio con que se administran los recursos, conforme las directrices del presidente de la Rep\u00fablica, se ha marcado una gesti\u00f3n econ\u00f3mica y financiera tan exitosa que hoy provoca la admiraci\u00f3n, incluso, de organismos internacionales.<\/p>\n\n\n\n<p>&nbsp;\u201cEl actual Gobierno asumi\u00f3 las riendas de un Estado dominicano con una econom\u00eda llena de debilidades, unas finanzas mal gestionadas y maltrechas, lo cual ten\u00eda al pueblo dominicano frustrado, apesadumbrado, cabizbajo y meditabundo. No obstante, en la actualidad, la presente gesti\u00f3n ha ido superando los desaciertos de la pasada gesti\u00f3n del PLD, y ha devuelto la esperanza a la gente\u201d, dijo.&nbsp;&nbsp;<\/p>\n\n\n\n<p>F\u00e9lix Santana Garc\u00eda, realiz\u00f3 las declaraciones a prop\u00f3sito de las recientes estad\u00edsticas econ\u00f3micas del Indicador Mensual de Actividad Econ\u00f3mica (IMAE) del Banco Central de la Rep\u00fablica Dominicana, que indica un crecimiento en m\u00faltiples aspectos de la econom\u00eda nacional.&nbsp;<\/p>\n\n\n\n<p>El director general del \u00f3rgano rector de la contabilidad p\u00fablica dijo que, si se analizan las estad\u00edsticas econ\u00f3micas y financieras en lo que va de 2021, se puede colegir que el Gobierno actual, a pesar de su juventud en el manejo de la cosa p\u00fablica, da muestra de que se act\u00faa con honestidad y entrega total en procura del bienestar del pa\u00eds, haciendo que lo imposible e indecible se transforma en realizable.<\/p>\n\n\n\n<figure class=\"wp-block-table\"><table><tbody><tr><td> Fuente:  <strong>Janett Ventura<\/strong>\u00a0<\/td><\/tr><\/tbody><\/table><\/figure>\n\n\n\n<p><\/p>\n","protected":false},"excerpt":{"rendered":"<p>diariodominicano.com Santo Domingo, R. D., 6 de diciembre, 2021.- El director general de la Direcci\u00f3n General de Contabilidad Gubernamental (Digecog) declar\u00f3 que el presidente de la Rep\u00fablica, Luis Abinader Corona, le ha devuelto al pueblo las esperanzas perdidas sobre el sistema de partidos, la democracia y la pulcritud con el que hist\u00f3ricamente se han manejado [&hellip;]<\/p>\n","protected":false},"author":5,"featured_media":314391,"comment_status":"closed","ping_status":"","sticky":true,"template":"","format":"standard","meta":{"footnotes":""},"categories":[20,27],"tags":[],"class_list":["post-314390","post","type-post","status-publish","format-standard","has-post-thumbnail","hentry","category-dominicana-hoy","category-portada"],"_links":{"self":[{"href":"https:\/\/diariodominicano.com\/index.php?rest_route=\/wp\/v2\/posts\/314390","targetHints":{"allow":["GET"]}}],"collection":[{"href":"https:\/\/diariodominicano.com\/index.php?rest_route=\/wp\/v2\/posts"}],"about":[{"href":"https:\/\/diariodominicano.com\/index.php?rest_route=\/wp\/v2\/types\/post"}],"author":[{"embeddable":true,"href":"https:\/\/diariodominicano.com\/index.php?rest_route=\/wp\/v2\/users\/5"}],"replies":[{"embeddable":true,"href":"https:\/\/diariodominicano.com\/index.php?rest_route=%2Fwp%2Fv2%2Fcomments&post=314390"}],"version-history":[{"count":1,"href":"https:\/\/diariodominicano.com\/index.php?rest_route=\/wp\/v2\/posts\/314390\/revisions"}],"predecessor-version":[{"id":314392,"href":"https:\/\/diariodominicano.com\/index.php?rest_route=\/wp\/v2\/posts\/314390\/revisions\/314392"}],"wp:featuredmedia":[{"embeddable":true,"href":"https:\/\/diariodominicano.com\/index.php?rest_route=\/wp\/v2\/media\/314391"}],"wp:attachment":[{"href":"https:\/\/diariodominicano.com\/index.php?rest_route=%2Fwp%2Fv2%2Fmedia&parent=314390"}],"wp:term":[{"taxonomy":"category","embeddable":true,"href":"https:\/\/diariodominicano.com\/index.php?rest_route=%2Fwp%2Fv2%2Fcategories&post=314390"},{"taxonomy":"post_tag","embeddable":true,"href":"https:\/\/diariodominicano.com\/index.php?rest_route=%2Fwp%2Fv2%2Ftags&post=314390"}],"curies":[{"name":"wp","href":"https:\/\/api.w.org\/{rel}","templated":true}]}}