{"id":314369,"date":"2021-12-06T15:31:31","date_gmt":"2021-12-06T19:31:31","guid":{"rendered":"http:\/\/diariodominicano.com\/?p=314369"},"modified":"2021-12-06T15:31:31","modified_gmt":"2021-12-06T19:31:31","slug":"escuela-taller-santo-domingo-presenta-exposicion-bazar-colores-formas-y-texturas","status":"publish","type":"post","link":"https:\/\/diariodominicano.com\/?p=314369","title":{"rendered":"Escuela Taller Santo Domingo presenta exposici\u00f3n bazar \u201cColores, Formas y Texturas\u201d"},"content":{"rendered":"\n<p>diariodominicano.com<\/p>\n\n\n\n<p>Santo Domingo, R. D.,  6 de diciembre, 2021.\u2013 El ministro de Trabajo Luis Miguel De Camps Garc\u00eda dio apertura a la exposici\u00f3n bazar \u201cColores, Formas y Texturas: Aqu\u00ed nadie se queda atr\u00e1s\u201d de la Escuela Taller Santo Domingo, donde se exhibe una variedad de piezas elaboradas por los estudiantes de dicho centro, como muestra de la formaci\u00f3n que adquirieron durante el periodo julio-diciembre 2021.<\/p>\n\n\n\n<p>La escuela de preparaci\u00f3n es de car\u00e1cter inclusivo y funciona bajo los auspicios, directrices y lineamientos del Ministerio de Trabajo. La misma tiene como objetivo la formaci\u00f3n y capacitaci\u00f3n laboral de j\u00f3venes de ambos sexos, en condici\u00f3n de vulnerabilidad.<\/p>\n\n\n\n<p>Los art\u00edculos expuestos incluyen piezas de barro, sonajeros, collares en j\u00edcara de coco y una diversidad de art\u00edculos en macram\u00e9, en listones, bisuter\u00eda y pintura sobre madera.&nbsp;<\/p>\n\n\n\n<p>Al dar las palabras centrales de la actividad, el ministro De Camps Garc\u00eda destac\u00f3 que \u201cpara fines de fomentar la inserci\u00f3n laboral inclusiva se acogen personas con discapacidad en todos los talleres, lo cual representa entre un 20 y un 35% del total de participantes\u201d.<\/p>\n\n\n\n<p>A\u00f1adi\u00f3 que este semestre ha contado con la participaci\u00f3n de 28 estudiantes con distintas capacidades diferenciadas, los cuales se han formado en \u00e1reas tradicionales como artesan\u00eda, construcci\u00f3n, carpinter\u00eda, electricidad, herrer\u00eda y fontaner\u00eda.<\/p>\n\n\n\n<p>\u201cEste semestre, con la finalidad de promover la agricultura familiar, se ha agregado un huerto escolar, con la finalidad de promover la producci\u00f3n de alimentos propios en entornos urbanos\u201d, expres\u00f3.<\/p>\n\n\n\n<p>Las palabras de bienvenidas estuvieron a cargo de la directora de la escuela, arquitecta Mar\u00eda Cristina Rodr\u00edguez, quien expres\u00f3 su gratitud por la oportunidad de \u201cpoder formar a j\u00f3venes en estado de gran vulnerabilidad que se acercan para formar parte de este programa y para que las personas con discapacidad tengan mejor garant\u00eda de conseguir un empleo digno\u201d.<\/p>\n\n\n\n<p>El bazar cuenta con la colaboraci\u00f3n del Programa de las Naciones Unidas para el Desarrollo (PNUD) en el marco del Proyecto Interagencial \u201cCreaci\u00f3n de capacidades nacionales para lograr la inclusi\u00f3n social de las personas con discapacidad en las \u00e1reas de educaci\u00f3n, empleo y participaci\u00f3n en la Rep\u00fablica Dominicana\u201d, que ejecuta junto a la OPS\/OMS y UNICEF, con el apoyo del Fondo de las Naciones Unidas para la promoci\u00f3n los derechos de las personas con discapacidad (UNPRPD).<\/p>\n\n\n\n<p>Asistieron al evento Luis Miguel De Camps, ministro de Trabajo; la viceministra Marie Laure Aristy, de Pol\u00edticas de Empleo; Samir Santos, director General de Empleo; Mar\u00eda Cristina Rodr\u00edguez, directora de la Escuela Taller de Santo Domingo, y Guillermo Villam\u00e1n, director del Servicio Nacional de Empleo (SENAE).<\/p>\n\n\n\n<p>Adem\u00e1s, Douglas Hasb\u00fan, director de Capacitaci\u00f3n del Ministerio de Trabajo; Noem\u00ed G\u00f3mez y Ruth Fern\u00e1ndez, representantes del Programa de las Naciones Unidas para el Desarrollo en Rep\u00fablica Dominicana (PNUD), as\u00ed como tambi\u00e9n representantes del sector Empresarial.<\/p>\n\n\n\n<p>Fuente: Direcci\u00f3n de Estrategia y Comunicaci\u00f3n Gubernamental<\/p>\n\n\n\n<p>Ministerio Administrativo de la Presidencia de la Rep\u00fablica Dominicana<\/p>\n","protected":false},"excerpt":{"rendered":"<p>diariodominicano.com Santo Domingo, R. D., 6 de diciembre, 2021.\u2013 El ministro de Trabajo Luis Miguel De Camps Garc\u00eda dio apertura a la exposici\u00f3n bazar \u201cColores, Formas y Texturas: Aqu\u00ed nadie se queda atr\u00e1s\u201d de la Escuela Taller Santo Domingo, donde se exhibe una variedad de piezas elaboradas por los estudiantes de dicho centro, como muestra [&hellip;]<\/p>\n","protected":false},"author":5,"featured_media":314374,"comment_status":"closed","ping_status":"","sticky":true,"template":"","format":"standard","meta":{"footnotes":""},"categories":[20,27],"tags":[],"class_list":["post-314369","post","type-post","status-publish","format-standard","has-post-thumbnail","hentry","category-dominicana-hoy","category-portada"],"_links":{"self":[{"href":"https:\/\/diariodominicano.com\/index.php?rest_route=\/wp\/v2\/posts\/314369","targetHints":{"allow":["GET"]}}],"collection":[{"href":"https:\/\/diariodominicano.com\/index.php?rest_route=\/wp\/v2\/posts"}],"about":[{"href":"https:\/\/diariodominicano.com\/index.php?rest_route=\/wp\/v2\/types\/post"}],"author":[{"embeddable":true,"href":"https:\/\/diariodominicano.com\/index.php?rest_route=\/wp\/v2\/users\/5"}],"replies":[{"embeddable":true,"href":"https:\/\/diariodominicano.com\/index.php?rest_route=%2Fwp%2Fv2%2Fcomments&post=314369"}],"version-history":[{"count":1,"href":"https:\/\/diariodominicano.com\/index.php?rest_route=\/wp\/v2\/posts\/314369\/revisions"}],"predecessor-version":[{"id":314375,"href":"https:\/\/diariodominicano.com\/index.php?rest_route=\/wp\/v2\/posts\/314369\/revisions\/314375"}],"wp:featuredmedia":[{"embeddable":true,"href":"https:\/\/diariodominicano.com\/index.php?rest_route=\/wp\/v2\/media\/314374"}],"wp:attachment":[{"href":"https:\/\/diariodominicano.com\/index.php?rest_route=%2Fwp%2Fv2%2Fmedia&parent=314369"}],"wp:term":[{"taxonomy":"category","embeddable":true,"href":"https:\/\/diariodominicano.com\/index.php?rest_route=%2Fwp%2Fv2%2Fcategories&post=314369"},{"taxonomy":"post_tag","embeddable":true,"href":"https:\/\/diariodominicano.com\/index.php?rest_route=%2Fwp%2Fv2%2Ftags&post=314369"}],"curies":[{"name":"wp","href":"https:\/\/api.w.org\/{rel}","templated":true}]}}