{"id":314363,"date":"2021-12-06T15:27:59","date_gmt":"2021-12-06T19:27:59","guid":{"rendered":"http:\/\/diariodominicano.com\/?p=314363"},"modified":"2021-12-06T15:27:59","modified_gmt":"2021-12-06T19:27:59","slug":"quito-conmemora-487-anos-de-fundacion-en-medio-de-pandemia","status":"publish","type":"post","link":"https:\/\/diariodominicano.com\/?p=314363","title":{"rendered":"Quito conmemora 487 a\u00f1os de fundaci\u00f3n en medio de pandemia"},"content":{"rendered":"\n<h3 class=\"wp-block-heading\">diariodominicano.com<a rel=\"noreferrer noopener\" href=\"https:\/\/www.xinhua-news.com\/gdsdetailxhs\/share\/10693642-?pageflag=iframe\" target=\"_blank\"><\/a><\/h3>\n\n\n\n<pre id=\"text-news-description\" class=\"wp-block-preformatted\">   QUITO, 6 dic (Xinhua) -- La ciudad ecuatoriana de Quito conmemor\u00f3 hoy lunes sus 487 a\u00f1os de fundaci\u00f3n, en medio de la pandemia del nuevo coronavirus, situaci\u00f3n que ha castigado con m\u00e1s fuerza a la urbe, la m\u00e1s poblada del pa\u00eds sudamericano.\n   El presidente Guillermo Lasso felicit\u00f3 este lunes a trav\u00e9s de un mensaje en Twitter a la capital ecuatoriana.\n   \"Felicidades a Quito en sus 487 a\u00f1os de fundaci\u00f3n. Hoy celebramos a la Carita de Dios, a los quite\u00f1os y la historia de lucha y superaci\u00f3n de esta gran ciudad. Un saludo fraterno en este d\u00eda de fiesta\", escribi\u00f3 Lasso.\n   \"\u00a1Que #VivaQuito, la capital del Ecuador, y su maravillosa gente!\", agreg\u00f3 el mandatario ecuatoriano, quien por la noche asistir\u00e1 a una sesi\u00f3n solemne con la que se pondr\u00e1 fin al feriado de tres d\u00edas en Quito, en ocasi\u00f3n de las fiestas.\n   Despu\u00e9s de 11 d\u00edas de festejos, este lunes se baj\u00f3 el tel\u00f3n de las celebraciones con una agenda de 400 eventos preparados por el municipio y una afluencia masiva de personas.\n   Juegos tradicionales, ferias gastron\u00f3micas, conciertos y festivales formaron parte de las celebraciones en varios puntos de Quito para reactivar a la ciudad en lo econ\u00f3mico, tras m\u00e1s de un a\u00f1o de suspensi\u00f3n de eventos p\u00fablicos por la enfermedad del nuevo coronavirus (COVID-19).\n   Calles y plazas volvieron a registrar la algarab\u00eda de las personas que disfrutaron de las fiestas, en medio de una nueva normalidad que implica el uso obligatorio de la mascarilla y acatar medidas sanitarias luego de 20 meses de pandemia.\n   Una de las personas que particip\u00f3 de estas celebraciones en un concierto popular fue Luc\u00eda Espinel, quien es ama de casa y comparti\u00f3 con Xinhua sentirse contenta de volver a disfrutar las fiestas, luego de tanto estr\u00e9s causado por los cambios de vida que impuso la pandemia.\n   \"Ahora esto nos saca el estr\u00e9s (...) pero hay que seguirse cuidando con la mascarilla, el alcohol (en gel) y el lavado de manos\", apunt\u00f3 Espinel.\n   Igual criterio comparti\u00f3 Juan L\u00f3pez, un mec\u00e1nico de 47 a\u00f1os, quien hizo una pausa en sus actividades diarias para escaparse y disfrutar de los festejos.\n   \"Ha sido muy bonito volver a reencontrarse con amigos y familiares en estas fiestas tan tradicionales de Quito. Jugar el cuarenta (de cartas), acudir a los festivales del pasillo, de bandas, despu\u00e9s de tiempos dif\u00edciles por la pandemia\", coment\u00f3.\n   Para las festividades, el municipio impuso cumplir con los protocolos de bioseguridad y aforos del 50 por ciento en eventos masivos, ya que Quito se mantiene como epicentro de la COVID-19 con 181.988 contagios confirmados desde el inicio de la pandemia en Ecuador.\n   Ecuador acumul\u00f3 hasta el domingo 529.349 casos y 23.704 muertes a causa del virus, al tiempo que se han redoblado los controles sanitarios para evitar el ingreso de la nueva variante Omicron de coronavirus detectada en Sud\u00e1frica.\n   Durante las fiestas capitalinas se reportaron en redes sociales aglomeraciones y desmanes en festejos improvisados en un sector de la ciudad, situaci\u00f3n que gener\u00f3 preocupaci\u00f3n ante un eventual repunte de contagios en los pr\u00f3ximos d\u00edas.\n   Las festividades se engalanaron el domingo por la noche con la Serenata Quite\u00f1a, una tradici\u00f3n que se mantiene desde 1961 para celebrar a la ciudad, urbe construida sobre cimientos de tipo preincaico y llamada \"La carita de Dios\", por su belleza arquitect\u00f3nica.\n   El acto en el que particip\u00f3 el presidente Lasso tuvo lugar en la plaza de la Independencia, situada en el centro hist\u00f3rico, contigua al Palacio de Carondelet, edificio sede del gobierno.\n    La serenata tuvo el matiz de sonidos de guitarras, tambores, flautas y otros instrumentos, adem\u00e1s de grupos de danzantes y bandas en medio de un colorido ambiente.\n   Se proyect\u00f3 tambi\u00e9n un video animado sobre la fachada de la Catedral de Quito, con im\u00e1genes relacionadas al arte y a la cultura del casco colonial, uno de los m\u00e1s grandes y mejor conservados de Sudam\u00e9rica.\n   En la celebraci\u00f3n no pudo faltar el \"canelazo\", una bebida alcoh\u00f3lica caliente para combatir el fr\u00edo de Quito, ciudad ubicada a 2.850 metros sobre el nivel del mar. <\/pre>\n","protected":false},"excerpt":{"rendered":"<p>diariodominicano.com QUITO, 6 dic (Xinhua) &#8212; La ciudad ecuatoriana de Quito conmemor\u00f3 hoy lunes sus 487 a\u00f1os de fundaci\u00f3n, en medio de la pandemia del nuevo coronavirus, situaci\u00f3n que ha castigado con m\u00e1s fuerza a la urbe, la m\u00e1s poblada del pa\u00eds sudamericano. El presidente Guillermo Lasso felicit\u00f3 este lunes a trav\u00e9s de un mensaje [&hellip;]<\/p>\n","protected":false},"author":5,"featured_media":314366,"comment_status":"closed","ping_status":"","sticky":true,"template":"","format":"standard","meta":{"footnotes":""},"categories":[23,27],"tags":[],"class_list":["post-314363","post","type-post","status-publish","format-standard","has-post-thumbnail","hentry","category-internacional","category-portada"],"_links":{"self":[{"href":"https:\/\/diariodominicano.com\/index.php?rest_route=\/wp\/v2\/posts\/314363","targetHints":{"allow":["GET"]}}],"collection":[{"href":"https:\/\/diariodominicano.com\/index.php?rest_route=\/wp\/v2\/posts"}],"about":[{"href":"https:\/\/diariodominicano.com\/index.php?rest_route=\/wp\/v2\/types\/post"}],"author":[{"embeddable":true,"href":"https:\/\/diariodominicano.com\/index.php?rest_route=\/wp\/v2\/users\/5"}],"replies":[{"embeddable":true,"href":"https:\/\/diariodominicano.com\/index.php?rest_route=%2Fwp%2Fv2%2Fcomments&post=314363"}],"version-history":[{"count":1,"href":"https:\/\/diariodominicano.com\/index.php?rest_route=\/wp\/v2\/posts\/314363\/revisions"}],"predecessor-version":[{"id":314368,"href":"https:\/\/diariodominicano.com\/index.php?rest_route=\/wp\/v2\/posts\/314363\/revisions\/314368"}],"wp:featuredmedia":[{"embeddable":true,"href":"https:\/\/diariodominicano.com\/index.php?rest_route=\/wp\/v2\/media\/314366"}],"wp:attachment":[{"href":"https:\/\/diariodominicano.com\/index.php?rest_route=%2Fwp%2Fv2%2Fmedia&parent=314363"}],"wp:term":[{"taxonomy":"category","embeddable":true,"href":"https:\/\/diariodominicano.com\/index.php?rest_route=%2Fwp%2Fv2%2Fcategories&post=314363"},{"taxonomy":"post_tag","embeddable":true,"href":"https:\/\/diariodominicano.com\/index.php?rest_route=%2Fwp%2Fv2%2Ftags&post=314363"}],"curies":[{"name":"wp","href":"https:\/\/api.w.org\/{rel}","templated":true}]}}