{"id":314355,"date":"2021-12-06T15:13:55","date_gmt":"2021-12-06T19:13:55","guid":{"rendered":"http:\/\/diariodominicano.com\/?p=314355"},"modified":"2021-12-06T15:13:55","modified_gmt":"2021-12-06T19:13:55","slug":"habitantes-de-pedernales-reciben-taller-sobre-gestion-sostenible-del-agua-y-seguridad-hidrica","status":"publish","type":"post","link":"https:\/\/diariodominicano.com\/?p=314355","title":{"rendered":"Habitantes de Pedernales reciben taller sobre gesti\u00f3n sostenible del agua y seguridad h\u00eddrica"},"content":{"rendered":"\n<p>diariodominicano.com<\/p>\n\n\n\n<p>Pedernales, R. D.,  6 de diciembre, 2021.- El Instituto Nacional de Recursos H\u00eddricos, INDRHI, a trav\u00e9s del Programa Cultura del Agua, retom\u00f3 las capacitaciones sobre \u201cGesti\u00f3n sostenible de los recursos h\u00eddricos en la Rep\u00fablica Dominicana\u201d, con una serie de talleres impartidos durante una semana a directores escolares y docentes, as\u00ed como a usuarios de riego de los municipios de Oviedo, La Colonia y Juancho de esta provincia.\u00a0\u00a0\u00a0\u00a0\u00a0\u00a0\u00a0\u00a0\u00a0<\/p>\n\n\n\n<p>Con la actividad, que fue coordinada con la Direcci\u00f3n Regional del Ministerio de Educaci\u00f3n y la Junta de Regantes de Pedernales, se procura la incorporaci\u00f3n en la educaci\u00f3n escolar de informaciones sobre el uso, conservaci\u00f3n, protecci\u00f3n, distribuci\u00f3n y manejo adecuado del agua, as\u00ed como un mejor aprovechamiento del riego.<\/p>\n\n\n\n<p>Jorge Emilio Ma\u00f1\u00e1n Rodr\u00edguez, coordinador del Programa Cultura del Agua y quien ofreci\u00f3 las capacitaciones, inform\u00f3 que durante una semana impartieron 9 talleres a los que asistieron 244 participantes. All\u00ed recibieron informaciones sobre el ciclo y los estados del agua, las cuencas y regiones hidrogr\u00e1ficas, los recursos h\u00eddricos y su relaci\u00f3n con los Objetivos de Desarrollo Sostenible (ODS) y la Estrategia Nacional de Desarrollo (END 2030), as\u00ed como los retos para la sostenibilidad de las fuentes de agua en el pa\u00eds.&nbsp;<\/p>\n\n\n\n<p>Se\u00f1al\u00f3 que el enfoque estrat\u00e9gico de la capacitaci\u00f3n fue de seguridad h\u00eddrica, debido a la ubicaci\u00f3n geogr\u00e1fica de Pedernales y porque comparte una misma cuenca con Hait\u00ed. Respecto a la cuenca transfronteriza se\u00f1al\u00f3 que ambos pa\u00edses hacen uso del r\u00edo Pedernales.<\/p>\n\n\n\n<p>La apertura de la actividad fue encabezada por el director de la Regional del INDRHI en el Yaque del Sur, Manuel Pineda, y por el director del Distrito Escolar de Pedernales, Nelson F\u00e9lix. Cont\u00f3, adem\u00e1s, con la participaci\u00f3n de Isidoro Dotel, gerente de la Junta de Regantes y encargado del INDRHI, y de representantes de la gobernaci\u00f3n provincial, de la alcald\u00eda de Pedernales y de la direcci\u00f3n provincial del Instituto Agrario Dominicano (IAD).<\/p>\n\n\n\n<p>Los talleres educativos que imparte el INDRHI a trav\u00e9s de su programa Cultura del Agua estaban interrumpidos debido a la pandemia de Covid 19 y fueron retomados haciendo uso del protocolo de salud recomendado por el Ministerio de Salud P\u00fablica.<\/p>\n\n\n\n<p>Fuente: Direcci\u00f3n de Estrategia y Comunicaci\u00f3n Gubernamental<\/p>\n\n\n\n<p>Ministerio Administrativo de la Presidencia de la Rep\u00fablica Dominicana<\/p>\n","protected":false},"excerpt":{"rendered":"<p>diariodominicano.com Pedernales, R. D., 6 de diciembre, 2021.- El Instituto Nacional de Recursos H\u00eddricos, INDRHI, a trav\u00e9s del Programa Cultura del Agua, retom\u00f3 las capacitaciones sobre \u201cGesti\u00f3n sostenible de los recursos h\u00eddricos en la Rep\u00fablica Dominicana\u201d, con una serie de talleres impartidos durante una semana a directores escolares y docentes, as\u00ed como a usuarios de [&hellip;]<\/p>\n","protected":false},"author":5,"featured_media":314358,"comment_status":"closed","ping_status":"","sticky":true,"template":"","format":"standard","meta":{"footnotes":""},"categories":[20,27],"tags":[],"class_list":["post-314355","post","type-post","status-publish","format-standard","has-post-thumbnail","hentry","category-dominicana-hoy","category-portada"],"_links":{"self":[{"href":"https:\/\/diariodominicano.com\/index.php?rest_route=\/wp\/v2\/posts\/314355","targetHints":{"allow":["GET"]}}],"collection":[{"href":"https:\/\/diariodominicano.com\/index.php?rest_route=\/wp\/v2\/posts"}],"about":[{"href":"https:\/\/diariodominicano.com\/index.php?rest_route=\/wp\/v2\/types\/post"}],"author":[{"embeddable":true,"href":"https:\/\/diariodominicano.com\/index.php?rest_route=\/wp\/v2\/users\/5"}],"replies":[{"embeddable":true,"href":"https:\/\/diariodominicano.com\/index.php?rest_route=%2Fwp%2Fv2%2Fcomments&post=314355"}],"version-history":[{"count":1,"href":"https:\/\/diariodominicano.com\/index.php?rest_route=\/wp\/v2\/posts\/314355\/revisions"}],"predecessor-version":[{"id":314362,"href":"https:\/\/diariodominicano.com\/index.php?rest_route=\/wp\/v2\/posts\/314355\/revisions\/314362"}],"wp:featuredmedia":[{"embeddable":true,"href":"https:\/\/diariodominicano.com\/index.php?rest_route=\/wp\/v2\/media\/314358"}],"wp:attachment":[{"href":"https:\/\/diariodominicano.com\/index.php?rest_route=%2Fwp%2Fv2%2Fmedia&parent=314355"}],"wp:term":[{"taxonomy":"category","embeddable":true,"href":"https:\/\/diariodominicano.com\/index.php?rest_route=%2Fwp%2Fv2%2Fcategories&post=314355"},{"taxonomy":"post_tag","embeddable":true,"href":"https:\/\/diariodominicano.com\/index.php?rest_route=%2Fwp%2Fv2%2Ftags&post=314355"}],"curies":[{"name":"wp","href":"https:\/\/api.w.org\/{rel}","templated":true}]}}