{"id":314348,"date":"2021-12-06T15:05:40","date_gmt":"2021-12-06T19:05:40","guid":{"rendered":"http:\/\/diariodominicano.com\/?p=314348"},"modified":"2021-12-06T15:05:40","modified_gmt":"2021-12-06T19:05:40","slug":"modi-y-putin-conversan-sobre-lazos-bilaterales","status":"publish","type":"post","link":"https:\/\/diariodominicano.com\/?p=314348","title":{"rendered":"Modi y Putin conversan sobre lazos bilaterales"},"content":{"rendered":"\n<h3 class=\"wp-block-heading\">diariodominicano.com<a rel=\"noreferrer noopener\" href=\"https:\/\/www.xinhua-news.com\/gdsdetailxhs\/share\/10693714-?pageflag=iframe\" target=\"_blank\"><\/a><\/h3>\n\n\n\n<pre id=\"text-news-description\" class=\"wp-block-preformatted\">   NUEVA DELHI, 6 dic (Xinhua) -- El primer ministro de India, Narendra Modi, y el presidente de Rusia de visita en el pa\u00eds, Vladimir Putin, realizaron hoy lunes en Nueva Delhi la XXI cumbre anual entre las dos naciones.\n  Esta fue la primera reuni\u00f3n en persona entre ambos desde el encuentro realizado al margen de la cumbre del BRICS en Brasilia, Brasil, en noviembre de 2019.\n   Despu\u00e9s de las conversaciones entabladas a nivel de cumbre, las dos partes firmaron acuerdos en \u00e1reas como ciencia, tecnolog\u00eda, educaci\u00f3n superior, propiedad intelectual, cooperaci\u00f3n militar y t\u00e9cnica, marina mercante, intercambios culturales, uso del espacio exterior con fines pac\u00edficos, energ\u00eda, acero, deportes y educaci\u00f3n.\n   Antes de la cumbre anual, los dos pa\u00edses entablaron el primer di\u00e1logo 2+2 en el que los ministros de Relaciones Exteriores y Defensa de las dos partes conversaron sobre temas de inter\u00e9s mutuo.<\/pre>\n","protected":false},"excerpt":{"rendered":"<p>diariodominicano.com NUEVA DELHI, 6 dic (Xinhua) &#8212; El primer ministro de India, Narendra Modi, y el presidente de Rusia de visita en el pa\u00eds, Vladimir Putin, realizaron hoy lunes en Nueva Delhi la XXI cumbre anual entre las dos naciones. Esta fue la primera reuni\u00f3n en persona entre ambos desde el encuentro realizado al margen [&hellip;]<\/p>\n","protected":false},"author":5,"featured_media":314352,"comment_status":"closed","ping_status":"","sticky":true,"template":"","format":"standard","meta":{"footnotes":""},"categories":[23,27],"tags":[],"class_list":["post-314348","post","type-post","status-publish","format-standard","has-post-thumbnail","hentry","category-internacional","category-portada"],"_links":{"self":[{"href":"https:\/\/diariodominicano.com\/index.php?rest_route=\/wp\/v2\/posts\/314348","targetHints":{"allow":["GET"]}}],"collection":[{"href":"https:\/\/diariodominicano.com\/index.php?rest_route=\/wp\/v2\/posts"}],"about":[{"href":"https:\/\/diariodominicano.com\/index.php?rest_route=\/wp\/v2\/types\/post"}],"author":[{"embeddable":true,"href":"https:\/\/diariodominicano.com\/index.php?rest_route=\/wp\/v2\/users\/5"}],"replies":[{"embeddable":true,"href":"https:\/\/diariodominicano.com\/index.php?rest_route=%2Fwp%2Fv2%2Fcomments&post=314348"}],"version-history":[{"count":1,"href":"https:\/\/diariodominicano.com\/index.php?rest_route=\/wp\/v2\/posts\/314348\/revisions"}],"predecessor-version":[{"id":314354,"href":"https:\/\/diariodominicano.com\/index.php?rest_route=\/wp\/v2\/posts\/314348\/revisions\/314354"}],"wp:featuredmedia":[{"embeddable":true,"href":"https:\/\/diariodominicano.com\/index.php?rest_route=\/wp\/v2\/media\/314352"}],"wp:attachment":[{"href":"https:\/\/diariodominicano.com\/index.php?rest_route=%2Fwp%2Fv2%2Fmedia&parent=314348"}],"wp:term":[{"taxonomy":"category","embeddable":true,"href":"https:\/\/diariodominicano.com\/index.php?rest_route=%2Fwp%2Fv2%2Fcategories&post=314348"},{"taxonomy":"post_tag","embeddable":true,"href":"https:\/\/diariodominicano.com\/index.php?rest_route=%2Fwp%2Fv2%2Ftags&post=314348"}],"curies":[{"name":"wp","href":"https:\/\/api.w.org\/{rel}","templated":true}]}}