{"id":314344,"date":"2021-12-06T14:45:06","date_gmt":"2021-12-06T18:45:06","guid":{"rendered":"http:\/\/diariodominicano.com\/?p=314344"},"modified":"2021-12-06T14:45:06","modified_gmt":"2021-12-06T18:45:06","slug":"crean-asociacion-sin-fines-de-lucro-para-contribuir-al-desarrollo-sostenible-de-comunidades-cercanas-a-areas-protegidas","status":"publish","type":"post","link":"https:\/\/diariodominicano.com\/?p=314344","title":{"rendered":"Crean asociaci\u00f3n sin fines de lucro para contribuir al desarrollo sostenible de comunidades cercanas a \u00e1reas protegidas"},"content":{"rendered":"\n<p>diariodominicano.com<\/p>\n\n\n\n<p><strong>Nizao, Los Cacaos, San Crist\u00f3bal, R.D., 06 de diciembre del 2021.-&nbsp;<\/strong>En el marco de un encuentro con representantes de la comunidad de Nizao, Los Cacaos de San Crist\u00f3bal, fue presentada la asociaci\u00f3n sin fines de lucro Comunidad Sostenible, Ecoactivismo y Desarrollo Social (CSEYDS).<\/p>\n\n\n\n<p>La instituci\u00f3n tiene como prop\u00f3sito contribuir al desarrollo sostenible econ\u00f3mico, sociocultural y medioambiental de las comunidades cercanas a las \u00e1reas protegidas, lugares de acampada y senderismo, balnearios y playas, a trav\u00e9s de la educaci\u00f3n, aportes y actividades que fomenten la preservaci\u00f3n del medio ambiente y el uso sostenible de los recursos naturales.<\/p>\n\n\n\n<p>CSEYDS surge de la inquietud de Guillermo Polanco Ma\u00f1\u00e1n, abogado, amante del ecoturismo, de formalizar las acciones que de manera aislada y con el apoyo de voluntarios, ha llevado a cabo en beneficio de las comunidades donde tienen incidencia sus actividades de senderista como Los Cacaos, en San Crist\u00f3bal y Los Ca\u00f1os, en Salcedo.<\/p>\n\n\n\n<p>\u201cComunidad Sostenible (CSEYDS) basa sus objetivos en seis de los 17 Objetivos de Desarrollo Sostenible (ODS), que tambi\u00e9n ha sido la inspiraci\u00f3n de nuestro logo y sus colores, convencidos de que el desarrollo sostenible requiere del esfuerzo de todos, por lo que gestionaremos la colaboraci\u00f3n y alianzas estrat\u00e9gicas con personas y entidades en favor de iniciativas y programas que impacten de manera positiva a estas comunidades\u201d, expres\u00f3 Polanco Ma\u00f1\u00e1n al hablar sobre el objeto de la Asociaci\u00f3n.<\/p>\n\n\n\n<p>Esta iniciativa familiar, est\u00e1 compuesta por los miembros fundadores Guillermo Polanco Ma\u00f1\u00e1n, Presidente; Yolanda Ma\u00f1\u00e1n S\u00e1nchez, vicepresidenta; Marianne Polanco Ma\u00f1\u00e1n, secretaria; Jairo Londo\u00f1o Geraldino y Mar\u00eda Isabel Contreras, creadora de contenido de viajes, reconocida como @mochileraporelmundo.<\/p>\n\n\n\n<p>En el acto estuvo presente el presidente del Patronato Pro Desarrollo del municipio de Los Cacaos, Juan De Regla D\u00edaz, quien felicit\u00f3 y agradeci\u00f3 a la directiva de CSEYDS \u201cpor la labor encomiable que ustedes vienen realizando y desearles los mejores \u00e9xitos, s\u00e9 que van a lograr muchas cosas porque la causa que ustedes est\u00e1n llevando a cabo es noble, en beneficio de nuestras comunidades y el pa\u00eds\u201d.<\/p>\n\n\n\n<p>Al pronunciar las palabras de clausura Mar\u00eda Isabel Contreras, afirm\u00f3 que \u201cpara llegar lejos no se hace de manera individual, sino de manera colectiva, buscando una mejor\u00eda y el bien com\u00fan\u2026esperamos que este sea el inicio de muchas cosas buenas para la comunidad y que sigamos disfrutando de estos paisajes, pero de una manera responsable y cuidando esos recursos de la naturaleza\u201d.<\/p>\n\n\n\n<p>La directiva de CSEYDS entreg\u00f3 un reconocimiento y distinci\u00f3n como colaborador especial a Juan Mercedes Franco S\u00e1nchez (Gueri); gu\u00eda ecotur\u00edstico certificado de la zona, \u201cpor sus muestras de responsabilidad medioambiental, as\u00ed como su constante y activa participaci\u00f3n como l\u00edder comunitario, en beneficio de Nizao, Los Cacaos, San Crist\u00f3bal\u201d.<\/p>\n\n\n\n<p>Al finalizar la actividad los presentes disfrutaron un refrigerio, para el cual fueron distribuidos vasos t\u00e9rmicos auspiciados por Manos Unidas Store, como forma de fomentar un consumo m\u00e1s responsable, incentivando la reutilizaci\u00f3n, as\u00ed como la reducci\u00f3n de pl\u00e1stico de un solo uso y la generaci\u00f3n de desperdicios y contaminaci\u00f3n del medio ambiente.<\/p>\n\n\n\n<p>Fuente:  <strong>Yolanda Ma\u00f1an<\/strong><\/p>\n","protected":false},"excerpt":{"rendered":"<p>diariodominicano.com Nizao, Los Cacaos, San Crist\u00f3bal, R.D., 06 de diciembre del 2021.-&nbsp;En el marco de un encuentro con representantes de la comunidad de Nizao, Los Cacaos de San Crist\u00f3bal, fue presentada la asociaci\u00f3n sin fines de lucro Comunidad Sostenible, Ecoactivismo y Desarrollo Social (CSEYDS). La instituci\u00f3n tiene como prop\u00f3sito contribuir al desarrollo sostenible econ\u00f3mico, sociocultural [&hellip;]<\/p>\n","protected":false},"author":5,"featured_media":314345,"comment_status":"closed","ping_status":"","sticky":true,"template":"","format":"standard","meta":{"footnotes":""},"categories":[25,27],"tags":[],"class_list":["post-314344","post","type-post","status-publish","format-standard","has-post-thumbnail","hentry","category-gente","category-portada"],"_links":{"self":[{"href":"https:\/\/diariodominicano.com\/index.php?rest_route=\/wp\/v2\/posts\/314344","targetHints":{"allow":["GET"]}}],"collection":[{"href":"https:\/\/diariodominicano.com\/index.php?rest_route=\/wp\/v2\/posts"}],"about":[{"href":"https:\/\/diariodominicano.com\/index.php?rest_route=\/wp\/v2\/types\/post"}],"author":[{"embeddable":true,"href":"https:\/\/diariodominicano.com\/index.php?rest_route=\/wp\/v2\/users\/5"}],"replies":[{"embeddable":true,"href":"https:\/\/diariodominicano.com\/index.php?rest_route=%2Fwp%2Fv2%2Fcomments&post=314344"}],"version-history":[{"count":1,"href":"https:\/\/diariodominicano.com\/index.php?rest_route=\/wp\/v2\/posts\/314344\/revisions"}],"predecessor-version":[{"id":314346,"href":"https:\/\/diariodominicano.com\/index.php?rest_route=\/wp\/v2\/posts\/314344\/revisions\/314346"}],"wp:featuredmedia":[{"embeddable":true,"href":"https:\/\/diariodominicano.com\/index.php?rest_route=\/wp\/v2\/media\/314345"}],"wp:attachment":[{"href":"https:\/\/diariodominicano.com\/index.php?rest_route=%2Fwp%2Fv2%2Fmedia&parent=314344"}],"wp:term":[{"taxonomy":"category","embeddable":true,"href":"https:\/\/diariodominicano.com\/index.php?rest_route=%2Fwp%2Fv2%2Fcategories&post=314344"},{"taxonomy":"post_tag","embeddable":true,"href":"https:\/\/diariodominicano.com\/index.php?rest_route=%2Fwp%2Fv2%2Ftags&post=314344"}],"curies":[{"name":"wp","href":"https:\/\/api.w.org\/{rel}","templated":true}]}}