{"id":314340,"date":"2021-12-06T14:35:29","date_gmt":"2021-12-06T18:35:29","guid":{"rendered":"http:\/\/diariodominicano.com\/?p=314340"},"modified":"2021-12-06T14:35:29","modified_gmt":"2021-12-06T18:35:29","slug":"con-apoyo-de-la-union-europea-gobierno-desarrollara-proyecto-para-almacenar-agua-y-optimizar-riego-agricola-en-azua","status":"publish","type":"post","link":"https:\/\/diariodominicano.com\/?p=314340","title":{"rendered":"Con apoyo de la Uni\u00f3n Europea, Gobierno desarrollar\u00e1 proyecto para almacenar agua y optimizar riego agr\u00edcola en Azua"},"content":{"rendered":"\n<p>diariodominicano.com<\/p>\n\n\n\n<p>Santo Domingo, R. D.,  6 de diciembre, 2021.\u2013 A fin de facilitar el acceso al vital l\u00edquido a cientos de campesinos del municipio Padre Las Casas, el Consejo Nacional para el Cambio Clim\u00e1tico iniciar\u00e1 en los pr\u00f3ximos meses, a trav\u00e9s del programa del Centro de Cambio Clim\u00e1tico para la Comunidad del Caribe financiado por la Uni\u00f3n Europea, la instalaci\u00f3n de bombas de agua alimentadas con energ\u00eda limpia y la construcci\u00f3n de reservorios en el municipio de Azua.<\/p>\n\n\n\n<p>As\u00ed lo anunci\u00f3 el asesor de proyectos de esa instituci\u00f3n, Andr\u00e9s Santana, quien explic\u00f3 que el mismo incluye a otros cinco municipios del pa\u00eds donde existen dificultades de acceso a las fuentes de agua y a las redes de energ\u00eda el\u00e9ctrica para el bombeo, por lo que se instalar\u00e1n paneles solares.<\/p>\n\n\n\n<p>\u201cEl financiamiento de este proyecto supera los 500,000 euros e incluye a comunidades en los municipios de Yamas\u00e1 (Monte Plata), Bohech\u00edo (San Juan), La Gu\u00e1zara (Barahona), Jacagua (Santiago) y El Firme (San Francisco de Macor\u00eds). Solo en Bohech\u00edo y en Padre Las Casas se trata de proyectos piloto para dar acceso al agua para producci\u00f3n agr\u00edcola, mientras que en las otras cuatro comunidades se trata de llevar agua para uso dom\u00e9stico a familias que habitan en parajes rurales\u201d, explic\u00f3.<\/p>\n\n\n\n<p>Santana indic\u00f3 que este proyecto se desarrolla en conjunto con la Direcci\u00f3n General de Desarrollo de la Comunidad y la Comisi\u00f3n de Fomento a la Tecnificaci\u00f3n del Sistema Nacional de Riego, como parte de los esfuerzos nacionales por mejorar la adaptaci\u00f3n de las comunidades a los efectos del cambio clim\u00e1tico.<\/p>\n\n\n\n<p>Estas declaraciones fueron emitidas durante la edici\u00f3n n\u00famero 47 del Encuentro de Juntas de Asociaciones Campesinas \u201cJos\u00e9 Mercedes\u201d, en la sede del Centro de Estudios y Promoci\u00f3n Social de Padre Las Casas. En el acto tambi\u00e9n fue reinaugurado el sal\u00f3n de eventos que desde hoy lleva por nombre Amaury Germ\u00e1n Aristy, en honor al joven revolucionario originario de esa localidad azuana.<\/p>\n\n\n\n<p>Fuente: Direcci\u00f3n de Estrategia y Comunicaci\u00f3n Gubernamental<\/p>\n\n\n\n<p>Ministerio Administrativo de la Presidencia de la Rep\u00fablica Dominicana<\/p>\n","protected":false},"excerpt":{"rendered":"<p>diariodominicano.com Santo Domingo, R. D., 6 de diciembre, 2021.\u2013 A fin de facilitar el acceso al vital l\u00edquido a cientos de campesinos del municipio Padre Las Casas, el Consejo Nacional para el Cambio Clim\u00e1tico iniciar\u00e1 en los pr\u00f3ximos meses, a trav\u00e9s del programa del Centro de Cambio Clim\u00e1tico para la Comunidad del Caribe financiado por [&hellip;]<\/p>\n","protected":false},"author":5,"featured_media":314342,"comment_status":"closed","ping_status":"","sticky":true,"template":"","format":"standard","meta":{"footnotes":""},"categories":[23,27],"tags":[],"class_list":["post-314340","post","type-post","status-publish","format-standard","has-post-thumbnail","hentry","category-internacional","category-portada"],"_links":{"self":[{"href":"https:\/\/diariodominicano.com\/index.php?rest_route=\/wp\/v2\/posts\/314340","targetHints":{"allow":["GET"]}}],"collection":[{"href":"https:\/\/diariodominicano.com\/index.php?rest_route=\/wp\/v2\/posts"}],"about":[{"href":"https:\/\/diariodominicano.com\/index.php?rest_route=\/wp\/v2\/types\/post"}],"author":[{"embeddable":true,"href":"https:\/\/diariodominicano.com\/index.php?rest_route=\/wp\/v2\/users\/5"}],"replies":[{"embeddable":true,"href":"https:\/\/diariodominicano.com\/index.php?rest_route=%2Fwp%2Fv2%2Fcomments&post=314340"}],"version-history":[{"count":1,"href":"https:\/\/diariodominicano.com\/index.php?rest_route=\/wp\/v2\/posts\/314340\/revisions"}],"predecessor-version":[{"id":314343,"href":"https:\/\/diariodominicano.com\/index.php?rest_route=\/wp\/v2\/posts\/314340\/revisions\/314343"}],"wp:featuredmedia":[{"embeddable":true,"href":"https:\/\/diariodominicano.com\/index.php?rest_route=\/wp\/v2\/media\/314342"}],"wp:attachment":[{"href":"https:\/\/diariodominicano.com\/index.php?rest_route=%2Fwp%2Fv2%2Fmedia&parent=314340"}],"wp:term":[{"taxonomy":"category","embeddable":true,"href":"https:\/\/diariodominicano.com\/index.php?rest_route=%2Fwp%2Fv2%2Fcategories&post=314340"},{"taxonomy":"post_tag","embeddable":true,"href":"https:\/\/diariodominicano.com\/index.php?rest_route=%2Fwp%2Fv2%2Ftags&post=314340"}],"curies":[{"name":"wp","href":"https:\/\/api.w.org\/{rel}","templated":true}]}}