{"id":314330,"date":"2021-12-06T14:28:38","date_gmt":"2021-12-06T18:28:38","guid":{"rendered":"http:\/\/diariodominicano.com\/?p=314330"},"modified":"2021-12-06T14:28:38","modified_gmt":"2021-12-06T18:28:38","slug":"llaman-en-chile-a-vacunarse-contra-covid-19-por-presencia-de-variante-omicron-en-el-pais","status":"publish","type":"post","link":"https:\/\/diariodominicano.com\/?p=314330","title":{"rendered":"Llaman en Chile a vacunarse contra COVID-19 por presencia de variante \u00d3micron en el pa\u00eds"},"content":{"rendered":"\n<h3 class=\"wp-block-heading\">diariodominicano.com<a rel=\"noreferrer noopener\" href=\"https:\/\/www.xinhua-news.com\/gdsdetailxhs\/share\/10693665-?pageflag=iframe\" target=\"_blank\"><\/a><\/h3>\n\n\n\n<pre id=\"text-news-description\" class=\"wp-block-preformatted\">   SANTIAGO, 6 dic (Xinhua) -- El gobierno chileno llam\u00f3 hoy lunes a las personas a vacunarse contra la enfermedad del nuevo coronavirus (COVID-19), tras informar el fin de semana pasado sobre el primer caso importado de la variante \u00d3micron en el pa\u00eds sudamericano.\n   \"Chile es un pa\u00eds que tiene disponibilidad, tiene suficiente cantidad de vacunas\", dijo el ministro de Salud chileno, Enrique Paris.\n   El funcionario advirti\u00f3 sobre las \"consecuencias\" que podr\u00edan sufrir las personas sin vacuna contra la COVID-19 que se contagien en Chile, pa\u00eds que ha reducido las hospitalizaciones gracias a la inmunizaci\u00f3n y a las restricciones adoptadas.\n   \"El virus busca a las personas que no tienen vacunas, que no tienen anticuerpos, y esta nueva variante, \u00d3micron, que la estamos estudiando, obviamente va a buscar a esas personas que no est\u00e1n vacunadas\", se\u00f1al\u00f3 Paris,\n   El ministro de Salud particip\u00f3 en el lanzamiento de la vacunaci\u00f3n para infantes de 3 a 5 a\u00f1os, con la vacuna CoronaVac contra la COVID-19 del laboratorio chino Sinovac.\n   Las autoridades sanitarias de Chile informaron el pasado s\u00e1bado que la persona contagiada residente en el pa\u00eds lleg\u00f3 a Santiago el 25 de noviembre pasado, en un vuelo procedente de Ghana, \u00c1frica, luego de que la Organizaci\u00f3n Mundial de la Salud anunci\u00f3 el primer caso de la nueva variante en el mundo.\n   El pasajero llevaba un examen negativo a la detecci\u00f3n del virus, pero arroj\u00f3 positivo a otra prueba realizada en el aeropuerto, por lo que se hizo una secuenciaci\u00f3n gen\u00f3mica y se confirm\u00f3 la presencia de \u00d3micron.\n   El ministro Paris coment\u00f3 que la vacunaci\u00f3n con esquema primario y dosis de refuerzo contra la COVID-19 ha permitido reducir en 20 por ciento el n\u00famero de enfermos en una semana.\n   Sostuvo que los contagios diarios en el pa\u00eds se ubican en la actualidad por debajo de los 2.000, mientras que la cifra de pacientes hospitalizados graves es menor a 700 personas.\n   Chile report\u00f3 este lunes otros 1.517 contagios de la COVID-19 y 30 muertes m\u00e1s en un d\u00eda a causa del virus, con lo que acumul\u00f3 1.774.048 casos confirmados y 38.531 decesos desde el comienzo de la crisis sanitaria en el pa\u00eds sudamericano. <\/pre>\n","protected":false},"excerpt":{"rendered":"<p>diariodominicano.com SANTIAGO, 6 dic (Xinhua) &#8212; El gobierno chileno llam\u00f3 hoy lunes a las personas a vacunarse contra la enfermedad del nuevo coronavirus (COVID-19), tras informar el fin de semana pasado sobre el primer caso importado de la variante \u00d3micron en el pa\u00eds sudamericano. \u00abChile es un pa\u00eds que tiene disponibilidad, tiene suficiente cantidad de [&hellip;]<\/p>\n","protected":false},"author":5,"featured_media":314338,"comment_status":"closed","ping_status":"","sticky":true,"template":"","format":"standard","meta":{"footnotes":""},"categories":[23,27],"tags":[],"class_list":["post-314330","post","type-post","status-publish","format-standard","has-post-thumbnail","hentry","category-internacional","category-portada"],"_links":{"self":[{"href":"https:\/\/diariodominicano.com\/index.php?rest_route=\/wp\/v2\/posts\/314330","targetHints":{"allow":["GET"]}}],"collection":[{"href":"https:\/\/diariodominicano.com\/index.php?rest_route=\/wp\/v2\/posts"}],"about":[{"href":"https:\/\/diariodominicano.com\/index.php?rest_route=\/wp\/v2\/types\/post"}],"author":[{"embeddable":true,"href":"https:\/\/diariodominicano.com\/index.php?rest_route=\/wp\/v2\/users\/5"}],"replies":[{"embeddable":true,"href":"https:\/\/diariodominicano.com\/index.php?rest_route=%2Fwp%2Fv2%2Fcomments&post=314330"}],"version-history":[{"count":1,"href":"https:\/\/diariodominicano.com\/index.php?rest_route=\/wp\/v2\/posts\/314330\/revisions"}],"predecessor-version":[{"id":314339,"href":"https:\/\/diariodominicano.com\/index.php?rest_route=\/wp\/v2\/posts\/314330\/revisions\/314339"}],"wp:featuredmedia":[{"embeddable":true,"href":"https:\/\/diariodominicano.com\/index.php?rest_route=\/wp\/v2\/media\/314338"}],"wp:attachment":[{"href":"https:\/\/diariodominicano.com\/index.php?rest_route=%2Fwp%2Fv2%2Fmedia&parent=314330"}],"wp:term":[{"taxonomy":"category","embeddable":true,"href":"https:\/\/diariodominicano.com\/index.php?rest_route=%2Fwp%2Fv2%2Fcategories&post=314330"},{"taxonomy":"post_tag","embeddable":true,"href":"https:\/\/diariodominicano.com\/index.php?rest_route=%2Fwp%2Fv2%2Ftags&post=314330"}],"curies":[{"name":"wp","href":"https:\/\/api.w.org\/{rel}","templated":true}]}}