{"id":314307,"date":"2021-12-06T14:01:59","date_gmt":"2021-12-06T18:01:59","guid":{"rendered":"http:\/\/diariodominicano.com\/?p=314307"},"modified":"2021-12-06T14:01:59","modified_gmt":"2021-12-06T18:01:59","slug":"sube-a-22-cifra-de-muertos-y-hay-30-desaparecidos-por-erupcion-de-volcan-en-indonesia","status":"publish","type":"post","link":"https:\/\/diariodominicano.com\/?p=314307","title":{"rendered":"Sube a 22 cifra de muertos y hay 30 desaparecidos por erupci\u00f3n de volc\u00e1n en Indonesia"},"content":{"rendered":"\n<p>diariodominicano.com<a rel=\"noreferrer noopener\" href=\"https:\/\/www.xinhua-news.com\/gdsdetailxhs\/share\/10693597-?pageflag=iframe\" target=\"_blank\"><\/a><\/p>\n\n\n\n<pre id=\"text-news-description\" class=\"wp-block-preformatted\">   YAKARTA, 6 dic (Xinhua) -- La cifra de muertos por la erupci\u00f3n del volc\u00e1n Semeru, en la provincia indonesia de Java Oriental, ascendi\u00f3 hoy lunes a 22, mientras que m\u00e1s de 30 personas est\u00e1n desaparecidas cuando contin\u00faa la b\u00fasqueda de las v\u00edctimas en medio de posibles inundaciones de lava y nubes calientes.\n   El equipo de rescate encontr\u00f3 hoy varios cad\u00e1veres enterrados por el lodo en el distrito de Lumajang, y el n\u00famero de desaparecidos puede aumentar, ya que durante la erupci\u00f3n se realizaban actividades de extracci\u00f3n de arena en los r\u00edos, dijo Daniel Riza, funcionario del centro de datos e informaci\u00f3n de la agencia de gesti\u00f3n y mitigaci\u00f3n de desastres del distrito.\n   \"Los informes que nos han llegado indican que 22 personas murieron y 30 perdieron el contacto, y el n\u00famero podr\u00eda ser mayor ya que hab\u00eda algunas actividades mineras en los r\u00edos justo antes de la erupci\u00f3n\", dijo a Xinhua.\n   El desastre natural ha obligado a 1.700 personas a huir de sus hogares y a refugiarse en centros de evacuaci\u00f3n, ya que cientos de casas, un puente y otras instalaciones de infraestructura fueron destruidas, dijo el funcionario.\n   El jefe de la Agencia Geol\u00f3gica del Ministerio de Energ\u00eda y Recursos Minerales, Eko Budi Lelono, dijo que todav\u00eda existe la posibilidad de que las nubes calientes se extiendan desde el cr\u00e1ter del volc\u00e1n, as\u00ed que la zona roja por donde pueden pasar las nubes debe ser evacuada.\n   \"Todav\u00eda existe la posibilidad de que las nubes calientes se propaguen\", se\u00f1al\u00f3 en una conferencia de prensa virtual.\n   El domingo, la Agencia de Meteorolog\u00eda, Climatolog\u00eda y Geof\u00edsica del pa\u00eds advirti\u00f3 que podr\u00eda haber fuertes lluvias en los pr\u00f3ximos d\u00edas.\n   Las lluvias intensas han provocado normalmente inundaciones de lava despu\u00e9s de las erupciones volc\u00e1nicas en el vasto archipi\u00e9lago.<\/pre>\n","protected":false},"excerpt":{"rendered":"<p>diariodominicano.com YAKARTA, 6 dic (Xinhua) &#8212; La cifra de muertos por la erupci\u00f3n del volc\u00e1n Semeru, en la provincia indonesia de Java Oriental, ascendi\u00f3 hoy lunes a 22, mientras que m\u00e1s de 30 personas est\u00e1n desaparecidas cuando contin\u00faa la b\u00fasqueda de las v\u00edctimas en medio de posibles inundaciones de lava y nubes calientes. El equipo [&hellip;]<\/p>\n","protected":false},"author":5,"featured_media":314313,"comment_status":"closed","ping_status":"","sticky":true,"template":"","format":"standard","meta":{"footnotes":""},"categories":[23,27],"tags":[],"class_list":["post-314307","post","type-post","status-publish","format-standard","has-post-thumbnail","hentry","category-internacional","category-portada"],"_links":{"self":[{"href":"https:\/\/diariodominicano.com\/index.php?rest_route=\/wp\/v2\/posts\/314307","targetHints":{"allow":["GET"]}}],"collection":[{"href":"https:\/\/diariodominicano.com\/index.php?rest_route=\/wp\/v2\/posts"}],"about":[{"href":"https:\/\/diariodominicano.com\/index.php?rest_route=\/wp\/v2\/types\/post"}],"author":[{"embeddable":true,"href":"https:\/\/diariodominicano.com\/index.php?rest_route=\/wp\/v2\/users\/5"}],"replies":[{"embeddable":true,"href":"https:\/\/diariodominicano.com\/index.php?rest_route=%2Fwp%2Fv2%2Fcomments&post=314307"}],"version-history":[{"count":1,"href":"https:\/\/diariodominicano.com\/index.php?rest_route=\/wp\/v2\/posts\/314307\/revisions"}],"predecessor-version":[{"id":314314,"href":"https:\/\/diariodominicano.com\/index.php?rest_route=\/wp\/v2\/posts\/314307\/revisions\/314314"}],"wp:featuredmedia":[{"embeddable":true,"href":"https:\/\/diariodominicano.com\/index.php?rest_route=\/wp\/v2\/media\/314313"}],"wp:attachment":[{"href":"https:\/\/diariodominicano.com\/index.php?rest_route=%2Fwp%2Fv2%2Fmedia&parent=314307"}],"wp:term":[{"taxonomy":"category","embeddable":true,"href":"https:\/\/diariodominicano.com\/index.php?rest_route=%2Fwp%2Fv2%2Fcategories&post=314307"},{"taxonomy":"post_tag","embeddable":true,"href":"https:\/\/diariodominicano.com\/index.php?rest_route=%2Fwp%2Fv2%2Ftags&post=314307"}],"curies":[{"name":"wp","href":"https:\/\/api.w.org\/{rel}","templated":true}]}}