{"id":314288,"date":"2021-12-06T13:29:37","date_gmt":"2021-12-06T17:29:37","guid":{"rendered":"http:\/\/diariodominicano.com\/?p=314288"},"modified":"2021-12-06T13:29:37","modified_gmt":"2021-12-06T17:29:37","slug":"gobierno-y-fenatrado-anuncian-no-habra-aumento-en-las-tarifas-de-transporte-de-carga","status":"publish","type":"post","link":"https:\/\/diariodominicano.com\/?p=314288","title":{"rendered":"Gobierno y Fenatrado anuncian no habr\u00e1 aumento en las tarifas de transporte de carga"},"content":{"rendered":"\n<p>diariodominicano.com<\/p>\n\n\n\n<p>Santo Domingo, R. D.,  6 de diciembre, 2021.\u2013 El presidente de la Federaci\u00f3n Nacional de Transporte Dominicano (FENATRADO), Ricardo de los Santos, anunci\u00f3 al pa\u00eds que quedar\u00e1 sin efecto el aumento en las tarifas de transporte de carga que hab\u00eda anunciado el pasado viernes y que entrar\u00eda en vigencia a partir de este lunes.<\/p>\n\n\n\n<p>Tras un encuentro de varias horas con el ministro de Industria, Comercio y Mipymes (MICM), Victor Bison\u00f3, De Los Santos, tambi\u00e9n senador por la provincia S\u00e1nchez Ram\u00edrez, anunci\u00f3 al pa\u00eds junto al propio ministro, el secretario general de la alcald\u00eda del Distrito Nacional, Hugo Beras, y otros miembros de Fenatrado, que \u201cqueda sin efecto el reajuste en la tarifa de transporte de carga que hab\u00edamos anunciado al pa\u00eds el pasado viernes\u201d.<\/p>\n\n\n\n<p>Precis\u00f3 que la decisi\u00f3n obedece a que han iniciado un proceso de di\u00e1logo con las autoridades del gobierno. De Los Santos dijo que todo contin\u00faa igual, por lo que continuar\u00e1n transitando por la Avenida Circunvalaci\u00f3n de Santo Domingo como lo ven\u00edan haciendo hasta ahora.<\/p>\n\n\n\n<p>\u201cDesde que llegamos al MICM hemos trabajado en marco de una pol\u00edtica de puertas abiertas, buscando soluciones a trav\u00e9s del di\u00e1logo, a los desaf\u00edos que se presentan en los diferentes sectores. Esas han sido las instrucciones del presidente de la Rep\u00fablica, Luis Abinader, y en el MICM estamos cumpliendo con el pa\u00eds, para que nadie se quede atr\u00e1s en el marco de la reactivaci\u00f3n de nuestra econom\u00eda\u201d, enfatiz\u00f3 Bison\u00f3.<\/p>\n\n\n\n<p>El sector transporte ha mostrado un notable repunte dentro de la recuperaci\u00f3n de la econom\u00eda, con un crecimiento de un 13.2 % durante el mes de octubre, seg\u00fan el Banco Central.<\/p>\n\n\n\n<p>Recientemente la Alcald\u00eda del Distrito Nacional emiti\u00f3 una resoluci\u00f3n mediante la cual proh\u00edbe la circulaci\u00f3n de camiones por el interior de la capital, medida que busca \u201cdescongestionar\u201d el tr\u00e1nsito del Gran Santo Domingo. Como parte de las medidas los veh\u00edculos de carga deber\u00e1n transitar por la Circunvalaci\u00f3n de Santo Domingo.<\/p>\n\n\n\n<p>El pasado viernes el presidente de Fenatrado, Ricardo de los Santos anunci\u00f3 al pa\u00eds un reajuste en la tarifa de transporte de carga, a partir de este lunes, con la finalidad de \u201ccompensar\u201d los aumentos que generar\u00e1 el cobro de peaje por el uso de la Circunvalaci\u00f3n de Santo Domingo. Al iniciarse un di\u00e1logo con las autoridades, la decisi\u00f3n anunciada qued\u00f3 sin efecto<\/p>\n\n\n\n<p>Fuente: Direcci\u00f3n de Estrategia y Comunicaci\u00f3n Gubernamental<\/p>\n\n\n\n<p>Ministerio Administrativo de la Presidencia de la Rep\u00fablica Dominicana<\/p>\n","protected":false},"excerpt":{"rendered":"<p>diariodominicano.com Santo Domingo, R. D., 6 de diciembre, 2021.\u2013 El presidente de la Federaci\u00f3n Nacional de Transporte Dominicano (FENATRADO), Ricardo de los Santos, anunci\u00f3 al pa\u00eds que quedar\u00e1 sin efecto el aumento en las tarifas de transporte de carga que hab\u00eda anunciado el pasado viernes y que entrar\u00eda en vigencia a partir de este lunes. [&hellip;]<\/p>\n","protected":false},"author":5,"featured_media":314289,"comment_status":"closed","ping_status":"","sticky":true,"template":"","format":"standard","meta":{"footnotes":""},"categories":[20,27],"tags":[],"class_list":["post-314288","post","type-post","status-publish","format-standard","has-post-thumbnail","hentry","category-dominicana-hoy","category-portada"],"_links":{"self":[{"href":"https:\/\/diariodominicano.com\/index.php?rest_route=\/wp\/v2\/posts\/314288","targetHints":{"allow":["GET"]}}],"collection":[{"href":"https:\/\/diariodominicano.com\/index.php?rest_route=\/wp\/v2\/posts"}],"about":[{"href":"https:\/\/diariodominicano.com\/index.php?rest_route=\/wp\/v2\/types\/post"}],"author":[{"embeddable":true,"href":"https:\/\/diariodominicano.com\/index.php?rest_route=\/wp\/v2\/users\/5"}],"replies":[{"embeddable":true,"href":"https:\/\/diariodominicano.com\/index.php?rest_route=%2Fwp%2Fv2%2Fcomments&post=314288"}],"version-history":[{"count":1,"href":"https:\/\/diariodominicano.com\/index.php?rest_route=\/wp\/v2\/posts\/314288\/revisions"}],"predecessor-version":[{"id":314290,"href":"https:\/\/diariodominicano.com\/index.php?rest_route=\/wp\/v2\/posts\/314288\/revisions\/314290"}],"wp:featuredmedia":[{"embeddable":true,"href":"https:\/\/diariodominicano.com\/index.php?rest_route=\/wp\/v2\/media\/314289"}],"wp:attachment":[{"href":"https:\/\/diariodominicano.com\/index.php?rest_route=%2Fwp%2Fv2%2Fmedia&parent=314288"}],"wp:term":[{"taxonomy":"category","embeddable":true,"href":"https:\/\/diariodominicano.com\/index.php?rest_route=%2Fwp%2Fv2%2Fcategories&post=314288"},{"taxonomy":"post_tag","embeddable":true,"href":"https:\/\/diariodominicano.com\/index.php?rest_route=%2Fwp%2Fv2%2Ftags&post=314288"}],"curies":[{"name":"wp","href":"https:\/\/api.w.org\/{rel}","templated":true}]}}