{"id":314273,"date":"2021-12-06T12:22:54","date_gmt":"2021-12-06T16:22:54","guid":{"rendered":"http:\/\/diariodominicano.com\/?p=314273"},"modified":"2021-12-06T12:22:54","modified_gmt":"2021-12-06T16:22:54","slug":"foro-china-celac-refuerza-cooperacion-para-el-desarrollo","status":"publish","type":"post","link":"https:\/\/diariodominicano.com\/?p=314273","title":{"rendered":"Foro China-CELAC refuerza cooperaci\u00f3n para el desarrollo"},"content":{"rendered":"\n<h3 class=\"wp-block-heading\">diariodominicano.com<a rel=\"noreferrer noopener\" href=\"https:\/\/www.xinhua-news.com\/gdsdetailxhs\/share\/10692513-?pageflag=iframe\" target=\"_blank\"><\/a><\/h3>\n\n\n\n<pre id=\"text-news-description\" class=\"wp-block-preformatted\">   M\u00c9XICO, 6 dic (Xinhua) -- La relaci\u00f3n entre China y Am\u00e9rica Latina se basa en sus v\u00ednculos de amistad y cooperaci\u00f3n, y ambas partes seguir\u00e1n llevando a cabo continuos esfuerzos por el desarrollo compartido, valor\u00f3 en entrevista con Xinhua el coordinador nacional de M\u00e9xico ante la Comunidad de Estados Latinoamericanos y Caribe\u00f1os (CELAC), Efra\u00edn Guadarrama.\n   En el marco de la III Reuni\u00f3n Ministerial del Foro China-CELAC, encabezada el viernes por M\u00e9xico en calidad de presidente pro tempore del mecanismo regional junto con China, Guadarrama asegur\u00f3 que a partir de este evento se abre \"un nuevo cap\u00edtulo\" en la relaci\u00f3n entre ambas partes con una agenda a seguir en los siguientes a\u00f1os.\n   El tambi\u00e9n director general de Organismos y Mecanismos Regionales Americanos de la Secretar\u00eda de Relaciones Exteriores de M\u00e9xico reconoci\u00f3 que en la regi\u00f3n latinoamericana es necesario mantener una cooperaci\u00f3n internacional para el intercambio de experiencias y visiones con pa\u00edses como China, a fin de que la regi\u00f3n pueda articular pol\u00edticas y pr\u00e1cticas de reducci\u00f3n de la pobreza y fomento del desarrollo en beneficio de su poblaci\u00f3n.\n   \"China ha sido un ejemplo mundial a seguir en la erradicaci\u00f3n de la pobreza, y el Gobierno de China est\u00e1 con toda la intenci\u00f3n de compartir su experiencia\", se\u00f1al\u00f3 Guadarrama, a\u00f1adiendo que \"compartir las experiencias es algo fundamental para poder abordar y satisfacer las necesidades de las poblaciones m\u00e1s vulnerables, y esto es un punto que compartimos en la regi\u00f3n con China\".\n   Para la CELAC, asever\u00f3 Guadarrama, es de reconocer la lucha solidaria de China con la regi\u00f3n latinoamericana contra la pandemia de COVID-19.\n   \"China nos extendi\u00f3 la mano tanto a M\u00e9xico como a gran parte de los pa\u00edses de Am\u00e9rica Latina con insumos m\u00e9dicos y posteriormente con las vacunas chinas, que han sido el pilar de los programas nacionales de vacunaci\u00f3n de muchos pa\u00edses, entre ellos Chile, donde las vacunas de China representan un porcentaje alt\u00edsimo de las vacunas aplicadas\", asent\u00f3.\n   De acuerdo con el coordinador nacional de M\u00e9xico ante la CELAC, la regi\u00f3n latinoamericana y China tienen muchas coincidencias culturales, pero hoy en d\u00eda tambi\u00e9n pol\u00edticas, como la defensa del multilateralismo y promocionar el acceso universal a las vacunas contra la COVID-19.\n   Durante la III Reuni\u00f3n Ministerial del Foro China-CELAC, ambas partes adoptaron una declaraci\u00f3n y un plan de acci\u00f3n conjunto para la cooperaci\u00f3n en \u00e1reas clave, que \"permitir\u00e1 unir esfuerzos para combatir la pandemia de COVID-19 como punto importante\", pero tambi\u00e9n \"determinar las l\u00edneas principales de la cooperaci\u00f3n entre la CELAC y China para el periodo 2022-2024\", explic\u00f3 Guadarrama.\n   La agenda, indic\u00f3, destaca el fomento al comercio y a la inversi\u00f3n, a la cooperaci\u00f3n en materia de ciencia y tecnolog\u00eda, as\u00ed como el impulso de la Agencia Latinoamericana y Caribe\u00f1a del Espacio (ALCE), la celebraci\u00f3n de encuentros de alto nivel en materia de infraestructura y de lucha contra la corrupci\u00f3n, y la participaci\u00f3n en la Exposici\u00f3n Internacional de Importaciones de China.\n   Guadarrama mencion\u00f3 adem\u00e1s que contempla \"una importante cartera de becas que beneficiar\u00e1n a la juventud de la regi\u00f3n latinoamericana y del Caribe\" y que consiste en apoyar a unos 8.000 j\u00f3venes con 5.000 becas y 3.000 puestos de pr\u00e1cticas profesionales.\n   En la regi\u00f3n \"estamos llamados a vivir en un mundo mucho m\u00e1s globalizado, y va a ser indispensable para tambi\u00e9n poder traer las mejores pr\u00e1cticas y los conocimientos de China a nuestra regi\u00f3n y poder estar capacitados y poder ver el mundo diferente\", reconoci\u00f3.\n   A decir del funcionario latinoamericano, las relaciones con China han ido avanzando, particularmente en los \u00faltimos dos a\u00f1os con diversas reuniones a nivel ministerial, desde el lanzamiento en 2015 del primer foro ministerial conjunto.\n   \"La CELAC se convierte en esta plataforma para poder tener relaci\u00f3n entre los 33 pa\u00edses de la regi\u00f3n y China; entonces es una plataforma que tenemos que ir fortaleciendo con el paso, siempre bas\u00e1ndonos en la cooperaci\u00f3n y el inter\u00e9s\", finaliz\u00f3 como reflexi\u00f3n y a manera de conclusi\u00f3n Guadarrama.\n  El canciller mexicano, Marcelo Ebrard Casaubon, y el consejero de Estado y ministro de Relaciones Exteriores de China, Wang Yi, encabezaron la tercera Reuni\u00f3n Ministerial del Foro China-CELAC, con la participaci\u00f3n virtual de ministros y altas autoridades de 28 Estados miembros de la CELAC, as\u00ed como de la secretaria ejecutiva de la Comisi\u00f3n Econ\u00f3mica para Am\u00e9rica Latina y el Caribe, Alicia B\u00e1rcena, y el presidente ejecutivo del Banco de Desarrollo de Am\u00e9rica Latina, Sergio D\u00edaz-Granados.\n   La CELAC es un mecanismo intergubernamental de di\u00e1logo y concertaci\u00f3n pol\u00edtica. Su membres\u00eda incluye a los 33 pa\u00edses de Am\u00e9rica Latina y el Caribe, y surgi\u00f3 con el compromiso de avanzar en el proceso gradual de integraci\u00f3n de la regi\u00f3n, haciendo un equilibrio entre la unidad y las diversidades pol\u00edticas, econ\u00f3micas, sociales y culturales de los 600 millones de habitantes de Am\u00e9rica Latina y el Caribe.\n   M\u00e9xico ostent\u00f3 la presidencia pro tempore del mecanismo durante 2020 y se prorrog\u00f3 para 2021.<\/pre>\n","protected":false},"excerpt":{"rendered":"<p>diariodominicano.com M\u00c9XICO, 6 dic (Xinhua) &#8212; La relaci\u00f3n entre China y Am\u00e9rica Latina se basa en sus v\u00ednculos de amistad y cooperaci\u00f3n, y ambas partes seguir\u00e1n llevando a cabo continuos esfuerzos por el desarrollo compartido, valor\u00f3 en entrevista con Xinhua el coordinador nacional de M\u00e9xico ante la Comunidad de Estados Latinoamericanos y Caribe\u00f1os (CELAC), Efra\u00edn [&hellip;]<\/p>\n","protected":false},"author":5,"featured_media":314274,"comment_status":"closed","ping_status":"","sticky":true,"template":"","format":"standard","meta":{"footnotes":""},"categories":[23,27],"tags":[],"class_list":["post-314273","post","type-post","status-publish","format-standard","has-post-thumbnail","hentry","category-internacional","category-portada"],"_links":{"self":[{"href":"https:\/\/diariodominicano.com\/index.php?rest_route=\/wp\/v2\/posts\/314273","targetHints":{"allow":["GET"]}}],"collection":[{"href":"https:\/\/diariodominicano.com\/index.php?rest_route=\/wp\/v2\/posts"}],"about":[{"href":"https:\/\/diariodominicano.com\/index.php?rest_route=\/wp\/v2\/types\/post"}],"author":[{"embeddable":true,"href":"https:\/\/diariodominicano.com\/index.php?rest_route=\/wp\/v2\/users\/5"}],"replies":[{"embeddable":true,"href":"https:\/\/diariodominicano.com\/index.php?rest_route=%2Fwp%2Fv2%2Fcomments&post=314273"}],"version-history":[{"count":1,"href":"https:\/\/diariodominicano.com\/index.php?rest_route=\/wp\/v2\/posts\/314273\/revisions"}],"predecessor-version":[{"id":314275,"href":"https:\/\/diariodominicano.com\/index.php?rest_route=\/wp\/v2\/posts\/314273\/revisions\/314275"}],"wp:featuredmedia":[{"embeddable":true,"href":"https:\/\/diariodominicano.com\/index.php?rest_route=\/wp\/v2\/media\/314274"}],"wp:attachment":[{"href":"https:\/\/diariodominicano.com\/index.php?rest_route=%2Fwp%2Fv2%2Fmedia&parent=314273"}],"wp:term":[{"taxonomy":"category","embeddable":true,"href":"https:\/\/diariodominicano.com\/index.php?rest_route=%2Fwp%2Fv2%2Fcategories&post=314273"},{"taxonomy":"post_tag","embeddable":true,"href":"https:\/\/diariodominicano.com\/index.php?rest_route=%2Fwp%2Fv2%2Ftags&post=314273"}],"curies":[{"name":"wp","href":"https:\/\/api.w.org\/{rel}","templated":true}]}}