{"id":314269,"date":"2021-12-06T09:30:28","date_gmt":"2021-12-06T13:30:28","guid":{"rendered":"http:\/\/diariodominicano.com\/?p=314269"},"modified":"2021-12-06T09:30:28","modified_gmt":"2021-12-06T13:30:28","slug":"institucionalidad-educacion-e-innovacion-temas-centrales-de-la-agenda-de-los-jovenes-empresarios-para-el-2022","status":"publish","type":"post","link":"https:\/\/diariodominicano.com\/?p=314269","title":{"rendered":"Institucionalidad, educaci\u00f3n e innovaci\u00f3n temas centrales de la agenda de los j\u00f3venes empresarios para el 2022"},"content":{"rendered":"\n<p>diariodominicano.com<\/p>\n\n\n\n<p><em>Dentro de sus lineamientos para el pr\u00f3ximo a\u00f1o, la Asociaci\u00f3n se plantea tres pilares: institucionalidad, educaci\u00f3n de calidad y\u00a0emprendimiento e innovaci\u00f3n para las MIPYMES.<\/em><\/p>\n\n\n\n<p>Santo Domingo, R. D., 6 de diciembre,  2021.- Como parte de los proyectos y acciones a desarrollar durante el pr\u00f3ximo a\u00f1o, la Asociaci\u00f3n Nacional de J\u00f3venes Empresarios (ANJE)\u00a0dio a conocer los detalles de su plan de trabajo para el 2022, durante un encuentro que estuvo encabezado por su presidente, Luis Manuel Pellerano.<\/p>\n\n\n\n<p>Durante su intervenci\u00f3n, Pellerano introdujo el plan y present\u00f3 los pilares que servir\u00e1n de base para esta gesti\u00f3n, como son&nbsp;educaci\u00f3n de calidad, institucionalidad: reformas para el desarrollo, y<a>&nbsp;emprendimiento e innovaci\u00f3n para las&nbsp;<\/a>MIPYMES.&nbsp;<em>\u201cNuestro objetivo principal es poder aportar al desarrollo institucional, econ\u00f3mico y social de nuestro pa\u00eds. El trabajo que hacemos en ANJE es velar por la institucionalidad para juntos construir el pa\u00eds que queremos en el futuro\u201d,&nbsp;<\/em>destac\u00f3.<\/p>\n\n\n\n<p>Adem\u00e1s, indic\u00f3 que con el plan de este a\u00f1o ANJE reafirma su compromiso con la elaboraci\u00f3n de propuestas concretas que engloban las principales preocupaciones del liderazgo joven de cara al pr\u00f3ximo a\u00f1o y al futuro, as\u00ed como su compromiso con el apoyo de la&nbsp;recuperaci\u00f3n econ\u00f3mica del pa\u00eds y la consolidaci\u00f3n de las reformas estructurales, a trav\u00e9s del Di\u00e1logo Nacional llevado a cabo en el Consejo Econ\u00f3mico y Social (CES) y en cualquier otro escenario que sea necesario.<\/p>\n\n\n\n<p>De igual modo, los coordinadores de la Comisi\u00f3n de Emprendimiento, Innovaci\u00f3n y MIPYMES, Jos\u00e9 Nelton Gonz\u00e1lez y Yasser M\u00e1rmol, abordaron las novedades de la misma, enfocadas en iniciativas que fomenten la creaci\u00f3n, permanencia y sostenibilidad de nuevas empresas con bases innovadoras; mientras que la Comisi\u00f3n de Justicia y Legislaci\u00f3n, encabezada por Jaime Senior y Gisselle Valera, hicieron \u00e9nfasis en las reformas necesarias para al desarrollo institucional que necesitamos como pa\u00eds para fortalecer el clima de negocios del pa\u00eds.<\/p>\n\n\n\n<p>Asimismo, los coordinadores de Energ\u00eda y Econom\u00eda, Leritza Monsanto y Francisco Garc\u00eda, explicaron el inter\u00e9s de ANJE en aportar a la discusi\u00f3n de la pol\u00edticas p\u00fablicas afines a temas de esta comisi\u00f3n, as\u00ed como para garantizar la&nbsp;recuperaci\u00f3n econ\u00f3mica;&nbsp;finalmente, las coordinadoras de la Comisi\u00f3n de Desarrollo Sostenible, Amalia Vega y Karina Mancebo,&nbsp;plantearon&nbsp;las iniciativas definidas para&nbsp; aportar al cumplimiento de los Objetivos de Desarrollo Sostenible, de manera espec\u00edfica en materia de movilidad sostenible, educaci\u00f3n de calidad, gesti\u00f3n de residuos solidos y encadenamiento productivo para MIPYMES.<\/p>\n\n\n\n<p>La actividad adem\u00e1s sirvi\u00f3 para el lanzamiento de su nueva plataforma web, presentada por la directora ejecutiva, Sol Disla, con el fin de afianzar los lazos con su membrec\u00eda a trav\u00e9s de la transformaci\u00f3n digital de sus procedimientos y la creaci\u00f3n de un directorio virtual que facilita la conexi\u00f3n entre todos sus miembros.<\/p>\n\n\n\n<p>La presentaci\u00f3n del plan de trabajo cont\u00f3 con la participaci\u00f3n de la Junta Directiva 2021-2022, socios, pasados presidentes de ANJE, invitados especiales, entre otros.<\/p>\n\n\n\n<figure class=\"wp-block-table\"><table><tbody><tr><td>Fuente:  <strong>Muriel Cuesta<\/strong><\/td><\/tr><\/tbody><\/table><\/figure>\n","protected":false},"excerpt":{"rendered":"<p>diariodominicano.com Dentro de sus lineamientos para el pr\u00f3ximo a\u00f1o, la Asociaci\u00f3n se plantea tres pilares: institucionalidad, educaci\u00f3n de calidad y\u00a0emprendimiento e innovaci\u00f3n para las MIPYMES. Santo Domingo, R. D., 6 de diciembre, 2021.- Como parte de los proyectos y acciones a desarrollar durante el pr\u00f3ximo a\u00f1o, la Asociaci\u00f3n Nacional de J\u00f3venes Empresarios (ANJE)\u00a0dio a conocer [&hellip;]<\/p>\n","protected":false},"author":5,"featured_media":314270,"comment_status":"closed","ping_status":"","sticky":true,"template":"","format":"standard","meta":{"footnotes":""},"categories":[18,27],"tags":[],"class_list":["post-314269","post","type-post","status-publish","format-standard","has-post-thumbnail","hentry","category-economia","category-portada"],"_links":{"self":[{"href":"https:\/\/diariodominicano.com\/index.php?rest_route=\/wp\/v2\/posts\/314269","targetHints":{"allow":["GET"]}}],"collection":[{"href":"https:\/\/diariodominicano.com\/index.php?rest_route=\/wp\/v2\/posts"}],"about":[{"href":"https:\/\/diariodominicano.com\/index.php?rest_route=\/wp\/v2\/types\/post"}],"author":[{"embeddable":true,"href":"https:\/\/diariodominicano.com\/index.php?rest_route=\/wp\/v2\/users\/5"}],"replies":[{"embeddable":true,"href":"https:\/\/diariodominicano.com\/index.php?rest_route=%2Fwp%2Fv2%2Fcomments&post=314269"}],"version-history":[{"count":1,"href":"https:\/\/diariodominicano.com\/index.php?rest_route=\/wp\/v2\/posts\/314269\/revisions"}],"predecessor-version":[{"id":314271,"href":"https:\/\/diariodominicano.com\/index.php?rest_route=\/wp\/v2\/posts\/314269\/revisions\/314271"}],"wp:featuredmedia":[{"embeddable":true,"href":"https:\/\/diariodominicano.com\/index.php?rest_route=\/wp\/v2\/media\/314270"}],"wp:attachment":[{"href":"https:\/\/diariodominicano.com\/index.php?rest_route=%2Fwp%2Fv2%2Fmedia&parent=314269"}],"wp:term":[{"taxonomy":"category","embeddable":true,"href":"https:\/\/diariodominicano.com\/index.php?rest_route=%2Fwp%2Fv2%2Fcategories&post=314269"},{"taxonomy":"post_tag","embeddable":true,"href":"https:\/\/diariodominicano.com\/index.php?rest_route=%2Fwp%2Fv2%2Ftags&post=314269"}],"curies":[{"name":"wp","href":"https:\/\/api.w.org\/{rel}","templated":true}]}}