{"id":314266,"date":"2021-12-06T09:09:46","date_gmt":"2021-12-06T13:09:46","guid":{"rendered":"http:\/\/diariodominicano.com\/?p=314266"},"modified":"2021-12-06T09:09:46","modified_gmt":"2021-12-06T13:09:46","slug":"blackfont-investment-anuncia-la-designacion-del-productor-angel-puello-como-director-general-del-canal-6","status":"publish","type":"post","link":"https:\/\/diariodominicano.com\/?p=314266","title":{"rendered":"Blackfont Investment, anuncia la designaci\u00f3n del productor \u00c1ngel Puello como director general del Canal 6"},"content":{"rendered":"\n<p>diariodominicano.com<\/p>\n\n\n\n<p><strong><br><\/strong>Santo Domingo, R. D.,  6 de diciembre, 2021.-  Blackfont Investment, compa\u00f1\u00eda propietaria del Canal 6 anunci\u00f3 que el destacado productor de televisi\u00f3n \u00c1ngel Puello tendr\u00e1 a su cargo la direcci\u00f3n general de ese canal y de los dem\u00e1s medios audiovisuales que integran el grupo.<br><br>\u00c1lvaro De Camps presidente de la compa\u00f1\u00eda expres\u00f3 que la integraci\u00f3n de Puello forma parte de los pasos que est\u00e1 dando el canal 6 rumbo a la era de la televisi\u00f3n digital, donde adem\u00e1s de ofrecer una imagen impecable brindar\u00e1 un contenido que venga a enriquecer la producci\u00f3n televisiva del pa\u00eds.<br><br>\u201cVenimos prepar\u00e1ndonos para el apag\u00f3n an\u00e1logo y el encendido digital con la meta de convertirnos en un referente de \u00e9xito de la era de la televisi\u00f3n digital, la llegada del productor \u00c1ngel Puello es un primer paso para la integraci\u00f3n de un grupo de talentos que se ir\u00e1n anunciando en los pr\u00f3ximos d\u00edas\u201d, expres\u00f3 \u00c1lvaro De Camps.<br><br>\u00c1ngel Puello agradeci\u00f3 la confianza que ha puesto en \u00e9l la presidencia del canal 6, y que una de las cosas que lo llev\u00f3 a aceptar el reto es que coincide con \u00c1lvaro de Camps con relaci\u00f3n a su visi\u00f3n futurista y en en su inter\u00e9s de dar un apoyo marcado al talento dominicano.<br><br>\u201cEstamos trabajando en un fin de a\u00f1o muy intenso con la meta de que muy pronto mostremos al pa\u00eds lo que ser\u00e1 nuestra propuesta program\u00e1tica para el 2022, por eso ya nos estamos reuniendo con destacados talentos y haciendo los casting para la oportunidad que se le dar\u00e1 a nuevas figuras que merecen ser la cara de la televisi\u00f3n que viene\u201d, dijo \u00c1ngel Puello.<br><br>Adem\u00e1s de \u00c1ngel Puello tambi\u00e9n estar\u00e1n profesionales de primer orden<br>como la veterana en comercializaci\u00f3n de medios audiovisuales, Ruth Molina que ser\u00e1 la vip de negocios y Ana Celia Castillo una productora de amplia trayectoria en la realizaci\u00f3n de programas.<br><br>Tambi\u00e9n\u00a0 la compa\u00f1\u00eda que tendr\u00e1 todo lo relacionado a la publicidad y comunicaci\u00f3n de redes sociales ser\u00e1 Dogma y en animaciones audiovisuales estar\u00e1\u00a0 Rene Montilla Germ\u00e1n.<br><br>En los pr\u00f3ximos d\u00edas el canal 6 anunciar\u00e1 otras sorpresas relacionadas con los acuerdos que se est\u00e1n cerrando para presentar en el 2022 una televisi\u00f3n que promete dar mucho de qu\u00e9 hablar.<br><br>Blackfont Investment est\u00e1 integrada por un grupo de medios donde se destacan adem\u00e1s del canal 6 la emisora 100.1 FM y el Canal del Sol.<\/p>\n\n\n\n<p>Fuente: <strong>generando noticias<\/strong><\/p>\n","protected":false},"excerpt":{"rendered":"<p>diariodominicano.com Santo Domingo, R. D., 6 de diciembre, 2021.- Blackfont Investment, compa\u00f1\u00eda propietaria del Canal 6 anunci\u00f3 que el destacado productor de televisi\u00f3n \u00c1ngel Puello tendr\u00e1 a su cargo la direcci\u00f3n general de ese canal y de los dem\u00e1s medios audiovisuales que integran el grupo. \u00c1lvaro De Camps presidente de la compa\u00f1\u00eda expres\u00f3 que la [&hellip;]<\/p>\n","protected":false},"author":5,"featured_media":314267,"comment_status":"closed","ping_status":"","sticky":true,"template":"","format":"standard","meta":{"footnotes":""},"categories":[25,27],"tags":[],"class_list":["post-314266","post","type-post","status-publish","format-standard","has-post-thumbnail","hentry","category-gente","category-portada"],"_links":{"self":[{"href":"https:\/\/diariodominicano.com\/index.php?rest_route=\/wp\/v2\/posts\/314266","targetHints":{"allow":["GET"]}}],"collection":[{"href":"https:\/\/diariodominicano.com\/index.php?rest_route=\/wp\/v2\/posts"}],"about":[{"href":"https:\/\/diariodominicano.com\/index.php?rest_route=\/wp\/v2\/types\/post"}],"author":[{"embeddable":true,"href":"https:\/\/diariodominicano.com\/index.php?rest_route=\/wp\/v2\/users\/5"}],"replies":[{"embeddable":true,"href":"https:\/\/diariodominicano.com\/index.php?rest_route=%2Fwp%2Fv2%2Fcomments&post=314266"}],"version-history":[{"count":1,"href":"https:\/\/diariodominicano.com\/index.php?rest_route=\/wp\/v2\/posts\/314266\/revisions"}],"predecessor-version":[{"id":314268,"href":"https:\/\/diariodominicano.com\/index.php?rest_route=\/wp\/v2\/posts\/314266\/revisions\/314268"}],"wp:featuredmedia":[{"embeddable":true,"href":"https:\/\/diariodominicano.com\/index.php?rest_route=\/wp\/v2\/media\/314267"}],"wp:attachment":[{"href":"https:\/\/diariodominicano.com\/index.php?rest_route=%2Fwp%2Fv2%2Fmedia&parent=314266"}],"wp:term":[{"taxonomy":"category","embeddable":true,"href":"https:\/\/diariodominicano.com\/index.php?rest_route=%2Fwp%2Fv2%2Fcategories&post=314266"},{"taxonomy":"post_tag","embeddable":true,"href":"https:\/\/diariodominicano.com\/index.php?rest_route=%2Fwp%2Fv2%2Ftags&post=314266"}],"curies":[{"name":"wp","href":"https:\/\/api.w.org\/{rel}","templated":true}]}}