{"id":314247,"date":"2021-12-06T08:52:30","date_gmt":"2021-12-06T12:52:30","guid":{"rendered":"http:\/\/diariodominicano.com\/?p=314247"},"modified":"2021-12-06T08:52:30","modified_gmt":"2021-12-06T12:52:30","slug":"ricardo-fleuridor-nou-pap-konplis-advierte-alza-de-combustibles-en-haiti-provocara-violentos-disturbios","status":"publish","type":"post","link":"https:\/\/diariodominicano.com\/?p=314247","title":{"rendered":"Ricardo Fleuridor, Nou pap Konplis advierte alza de combustibles en Haiti provocar\u00e1 violentos disturbios"},"content":{"rendered":"\n<p>diariodominicano.com<\/p>\n\n\n\n<p>Puerto Pr\u00edncipe, 6 dic (Prensa Latina) La organizaci\u00f3n Nou pap Konplis (No seremos c\u00f3mplices) advirti\u00f3 hoy al Gobierno contra cualquier aumento del precio de los combustibles en Hait\u00ed y alert\u00f3 que la medida podr\u00eda llevar a intensos disturbios sociales.<\/p>\n\n\n\n<p>Ricardo Fleuridor, portavoz de la plataforma, asegur\u00f3 que la decisi\u00f3n gubernamental provocar\u00eda movimientos violentos con consecuencias incalculables para el pa\u00eds.<\/p>\n\n\n\n<p>Para el activista, el Gobierno debe reducir sus gastos y destinar al tesoro p\u00fablico el presupuesto de inteligencia para as\u00ed contar con los recursos necesarios que permitan mantener los subsidios de los carburantes en la bomba.<\/p>\n\n\n\n<p>La semana pasada, el ministro de Asuntos Sociales y Trabajo, Odney Ricot Pierre, confirm\u00f3 que las autoridades eval\u00faan un alza de los precios de combustibles, y asegur\u00f3 que analizan la mejor estrategia para implementar la disposici\u00f3n sin afectar a los consumidores m\u00e1s vulnerables, la ampl\u00eda mayor\u00eda de los ciudadanos.<\/p>\n\n\n\n<p>El primer ministro Ariel Henry indic\u00f3 durante la instalaci\u00f3n del nuevo Gabinete que el Estado no puede continuar con esa carga en detrimento de los servicios sociales.<\/p>\n\n\n\n<p>Seg\u00fan datos presentados por el titular, el Gobierno pierde 259 gourdes (unos 2,5 d\u00f3lares) por cada gal\u00f3n de gasolina y 195 gourdes (casi dos d\u00f3lares) por la misma medida de di\u00e9sel, costos que ya no pueden ser afrontados por el Tesoro.<\/p>\n\n\n\n<p>\u201cEsto no puede continuar, de lo contrario ni siquiera podremos obtener el combustible\u201d, dijo el neurocirujano y se\u00f1al\u00f3 que se invierten unos 30 mil millones de gourdes (unos 300 millones de d\u00f3lares) para subsidiar los carburantes que se expenden en el pa\u00eds.<\/p>\n\n\n\n<p>En los \u00faltimos a\u00f1os las autoridades intentaron aumentar los precios, pero la medida caus\u00f3 dos jornadas de masivas movilizaciones a mediados de 2018 y cost\u00f3 el cargo al entonces primer ministro Jack Guy Lafontant.<\/p>\n\n\n\n<p>Ahora Henry volvi\u00f3 a asegurar que con el importe del subsidio se podr\u00edan construir y equipar m\u00e1s hospitales, o garantizar la seguridad a trav\u00e9s de la contrataci\u00f3n de m\u00e1s agentes policiales.<\/p>\n\n\n\n<p>La disposici\u00f3n es ampliamente impopular, y varias voces se\u00f1alaron el impacto en los 4,4 millones de personas bajo inseguridad alimentaria cuando aumenten los productos de primera necesidad.<\/p>\n\n\n\n<p>jf\/ane<\/p>\n","protected":false},"excerpt":{"rendered":"<p>diariodominicano.com Puerto Pr\u00edncipe, 6 dic (Prensa Latina) La organizaci\u00f3n Nou pap Konplis (No seremos c\u00f3mplices) advirti\u00f3 hoy al Gobierno contra cualquier aumento del precio de los combustibles en Hait\u00ed y alert\u00f3 que la medida podr\u00eda llevar a intensos disturbios sociales. Ricardo Fleuridor, portavoz de la plataforma, asegur\u00f3 que la decisi\u00f3n gubernamental provocar\u00eda movimientos violentos con [&hellip;]<\/p>\n","protected":false},"author":5,"featured_media":314260,"comment_status":"closed","ping_status":"","sticky":true,"template":"","format":"standard","meta":{"footnotes":""},"categories":[23,27],"tags":[],"class_list":["post-314247","post","type-post","status-publish","format-standard","has-post-thumbnail","hentry","category-internacional","category-portada"],"_links":{"self":[{"href":"https:\/\/diariodominicano.com\/index.php?rest_route=\/wp\/v2\/posts\/314247","targetHints":{"allow":["GET"]}}],"collection":[{"href":"https:\/\/diariodominicano.com\/index.php?rest_route=\/wp\/v2\/posts"}],"about":[{"href":"https:\/\/diariodominicano.com\/index.php?rest_route=\/wp\/v2\/types\/post"}],"author":[{"embeddable":true,"href":"https:\/\/diariodominicano.com\/index.php?rest_route=\/wp\/v2\/users\/5"}],"replies":[{"embeddable":true,"href":"https:\/\/diariodominicano.com\/index.php?rest_route=%2Fwp%2Fv2%2Fcomments&post=314247"}],"version-history":[{"count":1,"href":"https:\/\/diariodominicano.com\/index.php?rest_route=\/wp\/v2\/posts\/314247\/revisions"}],"predecessor-version":[{"id":314265,"href":"https:\/\/diariodominicano.com\/index.php?rest_route=\/wp\/v2\/posts\/314247\/revisions\/314265"}],"wp:featuredmedia":[{"embeddable":true,"href":"https:\/\/diariodominicano.com\/index.php?rest_route=\/wp\/v2\/media\/314260"}],"wp:attachment":[{"href":"https:\/\/diariodominicano.com\/index.php?rest_route=%2Fwp%2Fv2%2Fmedia&parent=314247"}],"wp:term":[{"taxonomy":"category","embeddable":true,"href":"https:\/\/diariodominicano.com\/index.php?rest_route=%2Fwp%2Fv2%2Fcategories&post=314247"},{"taxonomy":"post_tag","embeddable":true,"href":"https:\/\/diariodominicano.com\/index.php?rest_route=%2Fwp%2Fv2%2Ftags&post=314247"}],"curies":[{"name":"wp","href":"https:\/\/api.w.org\/{rel}","templated":true}]}}