{"id":314127,"date":"2021-12-05T21:04:10","date_gmt":"2021-12-06T01:04:10","guid":{"rendered":"http:\/\/diariodominicano.com\/?p=314127"},"modified":"2021-12-05T21:04:41","modified_gmt":"2021-12-06T01:04:41","slug":"presidente-luis-abinader-dejara-en-funcionamiento-primer-tramo-paseo-del-rio-nuevo-domingo-savio","status":"publish","type":"post","link":"https:\/\/diariodominicano.com\/?p=314127","title":{"rendered":"Presidente Luis Abinader dejar\u00e1 en funcionamiento primer tramo Paseo del R\u00edo Nuevo Domingo Savio"},"content":{"rendered":"\n<p>diariodominicano.com<\/p>\n\n\n\n<p>Santo Domingo, R. D., 5 de diciembre, 2021.- El presidente Luis Abinader encabezar\u00e1 este lunes 6 de diciembre la inauguraci\u00f3n del primer tramo del Paseo del R\u00edo Nuevo Domingo Savio, en el sector Los Guandules a las 10 de la ma\u00f1ana.<\/p>\n\n\n\n<p>El pasado mes de marzo, en una visita realizada a la zona, el presidente asegur\u00f3 que&nbsp;la conclusi\u00f3n de este proyecto transformar\u00eda La Ci\u00e9naga y Los&nbsp;Guandules, con el saneamiento de ca\u00f1adas y todo el borde del r\u00edo&nbsp;Ozama.<\/p>\n\n\n\n<p>Asimismo, se hab\u00eda previsto la ampliaci\u00f3n del acceso vial a La Ci\u00e9naga, con una longitud de 600 metros, incluyendo obras de estabilizaci\u00f3n de borde para protecci\u00f3n de inundaciones y la construcci\u00f3n de un distribuidor de tr\u00e1fico que permita el enlace con la avenida Francisco Alberto Caama\u00f1o (conocida como avenida del Puerto).&nbsp;<\/p>\n\n\n\n<p>Con esta obra, a cargo de la Unidad Ejecutora para la Readecuaci\u00f3n de Barrios y Entornos (URBE), se busca garantizar la movilidad\u00a0de\u00a0la poblaci\u00f3n del barrio y hacia la nueva avenida.<\/p>\n\n\n\n<p>Fuente: Direcci\u00f3n de Estrategia y Comunicaci\u00f3n Gubernamental<\/p>\n\n\n\n<p>Ministerio Administrativo de la Presidencia de la Rep\u00fablica Dominicana<\/p>\n\n\n\n<p><\/p>\n\n\n\n<p><\/p>\n","protected":false},"excerpt":{"rendered":"<p>diariodominicano.com Santo Domingo, R. D., 5 de diciembre, 2021.- El presidente Luis Abinader encabezar\u00e1 este lunes 6 de diciembre la inauguraci\u00f3n del primer tramo del Paseo del R\u00edo Nuevo Domingo Savio, en el sector Los Guandules a las 10 de la ma\u00f1ana. El pasado mes de marzo, en una visita realizada a la zona, el [&hellip;]<\/p>\n","protected":false},"author":5,"featured_media":314132,"comment_status":"closed","ping_status":"","sticky":true,"template":"","format":"standard","meta":{"footnotes":""},"categories":[20,27],"tags":[],"class_list":["post-314127","post","type-post","status-publish","format-standard","has-post-thumbnail","hentry","category-dominicana-hoy","category-portada"],"_links":{"self":[{"href":"https:\/\/diariodominicano.com\/index.php?rest_route=\/wp\/v2\/posts\/314127","targetHints":{"allow":["GET"]}}],"collection":[{"href":"https:\/\/diariodominicano.com\/index.php?rest_route=\/wp\/v2\/posts"}],"about":[{"href":"https:\/\/diariodominicano.com\/index.php?rest_route=\/wp\/v2\/types\/post"}],"author":[{"embeddable":true,"href":"https:\/\/diariodominicano.com\/index.php?rest_route=\/wp\/v2\/users\/5"}],"replies":[{"embeddable":true,"href":"https:\/\/diariodominicano.com\/index.php?rest_route=%2Fwp%2Fv2%2Fcomments&post=314127"}],"version-history":[{"count":2,"href":"https:\/\/diariodominicano.com\/index.php?rest_route=\/wp\/v2\/posts\/314127\/revisions"}],"predecessor-version":[{"id":314133,"href":"https:\/\/diariodominicano.com\/index.php?rest_route=\/wp\/v2\/posts\/314127\/revisions\/314133"}],"wp:featuredmedia":[{"embeddable":true,"href":"https:\/\/diariodominicano.com\/index.php?rest_route=\/wp\/v2\/media\/314132"}],"wp:attachment":[{"href":"https:\/\/diariodominicano.com\/index.php?rest_route=%2Fwp%2Fv2%2Fmedia&parent=314127"}],"wp:term":[{"taxonomy":"category","embeddable":true,"href":"https:\/\/diariodominicano.com\/index.php?rest_route=%2Fwp%2Fv2%2Fcategories&post=314127"},{"taxonomy":"post_tag","embeddable":true,"href":"https:\/\/diariodominicano.com\/index.php?rest_route=%2Fwp%2Fv2%2Ftags&post=314127"}],"curies":[{"name":"wp","href":"https:\/\/api.w.org\/{rel}","templated":true}]}}