{"id":314118,"date":"2021-12-05T20:30:05","date_gmt":"2021-12-06T00:30:05","guid":{"rendered":"http:\/\/diariodominicano.com\/?p=314118"},"modified":"2021-12-05T20:30:05","modified_gmt":"2021-12-06T00:30:05","slug":"presidente-duque-califica-de-verguenza-nacional-gol-para-ascenso-divisional-en-futbol-de-colombia","status":"publish","type":"post","link":"https:\/\/diariodominicano.com\/?p=314118","title":{"rendered":"Presidente Duque califica de \u00abverg\u00fcenza nacional\u00bb gol para ascenso divisional en f\u00fatbol de Colombia"},"content":{"rendered":"\n<p>diariodominicano.com<a rel=\"noreferrer noopener\" href=\"https:\/\/www.xinhua-news.com\/gdsdetailxhs\/share\/10689945-?pageflag=iframe\" target=\"_blank\"><\/a><\/p>\n\n\n\n<pre id=\"text-news-description\" class=\"wp-block-preformatted\">   BOGOT\u00c1, 5 dic (Xinhua) -- El presidente colombiano, Iv\u00e1n Duque, calific\u00f3 hoy domingo de \"verg\u00fcenza nacional\" el triunfo logrado la tarde del s\u00e1bado por el equipo de f\u00fatbol Uni\u00f3n Magdalena de segunda divisi\u00f3n frente al club Llaneros, con un tanto que le dio el ascenso divisional y que desat\u00f3 la polemica, pues los rivales no opusieron residencia y dejaron que se concretara.\n   \"Lo ocurrido en el partido de ascenso a la Primera Divisi\u00f3n del F\u00fatbol Colombiano es una verg\u00fcenza nacional. El deporte requiere transparencia, honestidad y cero tolerancia frente a cualquier situaci\u00f3n que deslegitime la \u00e9tica deportiva\", declar\u00f3 Duque a trav\u00e9s de su cuenta en Twitter.\n   El club Uni\u00f3n Magdalena concret\u00f3 su victoria el s\u00e1bado frente a Llaneros con marcador 2-1 en los minutos 90+5 y 90+6, luego de que iba perdiendo el partido, pero al final el equipo contrario aparentemente se dejo vencer.\n   La \u00faltima jugada del partido gener\u00f3 gran pol\u00e9mica, pues la afici\u00f3n se pregunta si los jugadores de Llaneros dejaron ganar a su rival, con la intenci\u00f3n de que pasara a la primera divisi\u00f3n del f\u00fatbol colombiano.\n   Duque agreg\u00f3 que con el ministro de Deporte colombiano, Guillermo Herrera, \"se est\u00e1 realizando el seguimiento a las autoridades competentes\" de la Federaci\u00f3n Colombiana de F\u00fatbol, \"para que esta situaci\u00f3n se esclarezca con celeridad\".\n   Por su parte, el presidente de la Divisi\u00f3n Mayor del F\u00fatbol Colombiano, Fernando Jaramillo,  cit\u00f3 para ma\u00f1ana lunes al Comit\u00e9 Disciplinario de la instancia para analizar lo ocurrido el s\u00e1bado entre Uni\u00f3n Magdalena y Llaneros.<\/pre>\n","protected":false},"excerpt":{"rendered":"<p>diariodominicano.com BOGOT\u00c1, 5 dic (Xinhua) &#8212; El presidente colombiano, Iv\u00e1n Duque, calific\u00f3 hoy domingo de \u00abverg\u00fcenza nacional\u00bb el triunfo logrado la tarde del s\u00e1bado por el equipo de f\u00fatbol Uni\u00f3n Magdalena de segunda divisi\u00f3n frente al club Llaneros, con un tanto que le dio el ascenso divisional y que desat\u00f3 la polemica, pues los rivales [&hellip;]<\/p>\n","protected":false},"author":5,"featured_media":314119,"comment_status":"closed","ping_status":"","sticky":true,"template":"","format":"standard","meta":{"footnotes":""},"categories":[23,27],"tags":[],"class_list":["post-314118","post","type-post","status-publish","format-standard","has-post-thumbnail","hentry","category-internacional","category-portada"],"_links":{"self":[{"href":"https:\/\/diariodominicano.com\/index.php?rest_route=\/wp\/v2\/posts\/314118","targetHints":{"allow":["GET"]}}],"collection":[{"href":"https:\/\/diariodominicano.com\/index.php?rest_route=\/wp\/v2\/posts"}],"about":[{"href":"https:\/\/diariodominicano.com\/index.php?rest_route=\/wp\/v2\/types\/post"}],"author":[{"embeddable":true,"href":"https:\/\/diariodominicano.com\/index.php?rest_route=\/wp\/v2\/users\/5"}],"replies":[{"embeddable":true,"href":"https:\/\/diariodominicano.com\/index.php?rest_route=%2Fwp%2Fv2%2Fcomments&post=314118"}],"version-history":[{"count":1,"href":"https:\/\/diariodominicano.com\/index.php?rest_route=\/wp\/v2\/posts\/314118\/revisions"}],"predecessor-version":[{"id":314120,"href":"https:\/\/diariodominicano.com\/index.php?rest_route=\/wp\/v2\/posts\/314118\/revisions\/314120"}],"wp:featuredmedia":[{"embeddable":true,"href":"https:\/\/diariodominicano.com\/index.php?rest_route=\/wp\/v2\/media\/314119"}],"wp:attachment":[{"href":"https:\/\/diariodominicano.com\/index.php?rest_route=%2Fwp%2Fv2%2Fmedia&parent=314118"}],"wp:term":[{"taxonomy":"category","embeddable":true,"href":"https:\/\/diariodominicano.com\/index.php?rest_route=%2Fwp%2Fv2%2Fcategories&post=314118"},{"taxonomy":"post_tag","embeddable":true,"href":"https:\/\/diariodominicano.com\/index.php?rest_route=%2Fwp%2Fv2%2Ftags&post=314118"}],"curies":[{"name":"wp","href":"https:\/\/api.w.org\/{rel}","templated":true}]}}