{"id":314029,"date":"2021-12-05T15:49:38","date_gmt":"2021-12-05T19:49:38","guid":{"rendered":"http:\/\/diariodominicano.com\/?p=314029"},"modified":"2021-12-05T15:51:38","modified_gmt":"2021-12-05T19:51:38","slug":"inician-festival-deportivo-navideno-en-santo-domingo-norte-2021","status":"publish","type":"post","link":"https:\/\/diariodominicano.com\/?p=314029","title":{"rendered":"Inician Festival Deportivo Navide\u00f1o en Santo Domingo Norte 2021"},"content":{"rendered":"\n<p><\/p>\n\n\n\n<p><br><strong>Santo Domingo. \u2013<\/strong> El director de Deporte Regional de Santo Domingo Norte, \u00c1ngel Caminero, dio apertura al Festival Deportivo Navide\u00f1o en el  municipio, respondiendo a las instrucciones del presidente Luis Abinader a trav\u00e9s del Ministerio de Deportes y Recreaci\u00f3n (MIDEREC), que encabeza Francisco Camacho.<\/p>\n\n\n\n<figure class=\"wp-block-image size-full\"><img loading=\"lazy\" decoding=\"async\" width=\"756\" height=\"546\" src=\"https:\/\/diariodominicano.com\/wp-content\/uploads\/2021\/12\/Angel-Caminero.jpg\" alt=\"\" class=\"wp-image-314033\" srcset=\"https:\/\/diariodominicano.com\/wp-content\/uploads\/2021\/12\/Angel-Caminero.jpg 756w, https:\/\/diariodominicano.com\/wp-content\/uploads\/2021\/12\/Angel-Caminero-300x217.jpg 300w\" sizes=\"auto, (max-width: 756px) 100vw, 756px\" \/><\/figure>\n\n\n\n<p>Se trata de un evento a realizar en los 158 municipios de la Rep\u00fablica Dominicana, y que fueron inaugurados por el primer mandatario desde Cap Cana, provincia la Altagracia, durante la asamblea de la Federaci\u00f3n Dominicana de Municipios (FEDOMU).<\/p>\n\n\n\n<p>En el caso de Santo Domingo Norte estar\u00e1n participando aproximadamente 360 atletas, 90 por cada una de las zonas en que se divide esta demarcaci\u00f3n en materia deportiva, Villa Mella, Sabana Perdida, Los Guaricanos y La Victoria, seg\u00fan explic\u00f3 el director regional, \u00c1ngel Caminero.<\/p>\n\n\n\n<figure class=\"wp-block-image size-full\"><img loading=\"lazy\" decoding=\"async\" width=\"1024\" height=\"522\" src=\"https:\/\/diariodominicano.com\/wp-content\/uploads\/2021\/12\/2-7.jpg\" alt=\"\" class=\"wp-image-314034\" srcset=\"https:\/\/diariodominicano.com\/wp-content\/uploads\/2021\/12\/2-7.jpg 1024w, https:\/\/diariodominicano.com\/wp-content\/uploads\/2021\/12\/2-7-300x153.jpg 300w, https:\/\/diariodominicano.com\/wp-content\/uploads\/2021\/12\/2-7-768x392.jpg 768w, https:\/\/diariodominicano.com\/wp-content\/uploads\/2021\/12\/2-7-816x416.jpg 816w\" sizes=\"auto, (max-width: 1024px) 100vw, 1024px\" \/><\/figure>\n\n\n\n<p>Son cuatro las disciplinas deportivas que forman parte del evento, b\u00e9isbol con ni\u00f1os de 12 a\u00f1os, voleibol con adolescentes de 16 a\u00f1os, mientras que el baloncesto y softball ser\u00e1 abierto en cuanto a edades se refiere.<\/p>\n\n\n\n<p>Los partidos de b\u00e9isbol ser\u00e1n celebrados en Sabana Perdida, en los estadios Hermanos Rojas Alou y Los Caribes, en tanto que los juegos de voleibol, se desarrollar\u00e1n en el multiuso de La Victoria.<\/p>\n\n\n\n<figure class=\"wp-block-image size-full\"><img loading=\"lazy\" decoding=\"async\" width=\"682\" height=\"475\" src=\"https:\/\/diariodominicano.com\/wp-content\/uploads\/2021\/12\/Heyda-Joaquin.jpg\" alt=\"\" class=\"wp-image-314035\" srcset=\"https:\/\/diariodominicano.com\/wp-content\/uploads\/2021\/12\/Heyda-Joaquin.jpg 682w, https:\/\/diariodominicano.com\/wp-content\/uploads\/2021\/12\/Heyda-Joaquin-300x209.jpg 300w\" sizes=\"auto, (max-width: 682px) 100vw, 682px\" \/><\/figure>\n\n\n\n<p>Mientras que en Los Guaricanos, ser\u00e1n celebrados los partidos de softbol femenino y en el estadio ubicado en la avenida Jacobo Majluta, y el masculino, en el sector de Buna Vista I de Villa Mella.<\/p>\n\n\n\n<p>El acto de inauguraci\u00f3n se desarroll\u00f3 en el multiuso de Los Guaricanos, y cont\u00f3 con la presencia de Heyda Joaqu\u00edn, directora de los directores de Deportes del pa\u00eds, en representaci\u00f3n del Ministro Francisco Camacho.<\/p>\n\n\n\n<figure class=\"wp-block-image size-full\"><img loading=\"lazy\" decoding=\"async\" width=\"562\" height=\"454\" src=\"https:\/\/diariodominicano.com\/wp-content\/uploads\/2021\/12\/Ramon-Duran.jpg\" alt=\"\" class=\"wp-image-314036\" srcset=\"https:\/\/diariodominicano.com\/wp-content\/uploads\/2021\/12\/Ramon-Duran.jpg 562w, https:\/\/diariodominicano.com\/wp-content\/uploads\/2021\/12\/Ramon-Duran-300x242.jpg 300w\" sizes=\"auto, (max-width: 562px) 100vw, 562px\" \/><\/figure>\n\n\n\n<p>\u201cEstamos en una \u00e9poca de grandes dificultades, pero para el deporte y para ustedes, el presidente ha entregado todos sus ca\u00f1ones para que comencemos con estos juegos municipales que hace a\u00f1os, d\u00e9cadas, que no se celebraban\u201d, asegur\u00f3 Heyda Joaqu\u00edn.<\/p>\n\n\n\n<p>Otro de los funcionarios presentes fue el doctor Ram\u00f3n Dur\u00e1n, director del Hospital General Dr. Nelson Astacio, quien expres\u00f3 la disposici\u00f3n del presidente Abinader de que el deporte y la salud est\u00e9n \u201cde la mano\u201d, agregando que una \u201cmente sana\u201d se obtiene un \u201ccuerpo sano\u201d.<\/p>\n\n\n\n<p>En tanto que, en representaci\u00f3n de la Comisi\u00f3n Presidencial de Apoyo al Desarrollo Barrial, en Santo Domingo Norte, asisti\u00f3 Jos\u00e9 Santana, quien aprovech\u00f3 para ponerse a la orden de los deportistas en lo que pueda colaborar desde su posici\u00f3n.<\/p>\n\n\n\n<p>De los juegos municipales, se pasar\u00e1 a los provinciales y de all\u00ed a los nacionales, en donde los ganadores ser\u00e1n beneficiados con aproximadamente RD $52 millones de pesos, seg\u00fan inform\u00f3 el MIDEREC.<\/p>\n\n\n\n<p> Fuente: Equipo de Prensa Caminero. <\/p>\n\n\n\n<p>Link para descargar&nbsp;v\u00eddeo:&nbsp;<a href=\"https:\/\/wetransfer.com\/downloads\/8ac8a5d3c11d0ef3171e6ce05ded501120211205142818\/35371b\" target=\"_blank\" rel=\"noreferrer noopener\"><strong>https:\/\/wetransfer.com\/downloads\/8ac8a5d3c11d0ef3171e6ce05ded501120211205142818\/35371b<\/strong><\/a><\/p>\n","protected":false},"excerpt":{"rendered":"<p>Santo Domingo. \u2013 El director de Deporte Regional de Santo Domingo Norte, \u00c1ngel Caminero, dio apertura al Festival Deportivo Navide\u00f1o en el municipio, respondiendo a las instrucciones del presidente Luis Abinader a trav\u00e9s del Ministerio de Deportes y Recreaci\u00f3n (MIDEREC), que encabeza Francisco Camacho. Se trata de un evento a realizar en los 158 municipios [&hellip;]<\/p>\n","protected":false},"author":28,"featured_media":314030,"comment_status":"closed","ping_status":"","sticky":true,"template":"","format":"standard","meta":{"footnotes":""},"categories":[17,27],"tags":[],"class_list":["post-314029","post","type-post","status-publish","format-standard","has-post-thumbnail","hentry","category-deportes","category-portada"],"_links":{"self":[{"href":"https:\/\/diariodominicano.com\/index.php?rest_route=\/wp\/v2\/posts\/314029","targetHints":{"allow":["GET"]}}],"collection":[{"href":"https:\/\/diariodominicano.com\/index.php?rest_route=\/wp\/v2\/posts"}],"about":[{"href":"https:\/\/diariodominicano.com\/index.php?rest_route=\/wp\/v2\/types\/post"}],"author":[{"embeddable":true,"href":"https:\/\/diariodominicano.com\/index.php?rest_route=\/wp\/v2\/users\/28"}],"replies":[{"embeddable":true,"href":"https:\/\/diariodominicano.com\/index.php?rest_route=%2Fwp%2Fv2%2Fcomments&post=314029"}],"version-history":[{"count":3,"href":"https:\/\/diariodominicano.com\/index.php?rest_route=\/wp\/v2\/posts\/314029\/revisions"}],"predecessor-version":[{"id":314037,"href":"https:\/\/diariodominicano.com\/index.php?rest_route=\/wp\/v2\/posts\/314029\/revisions\/314037"}],"wp:featuredmedia":[{"embeddable":true,"href":"https:\/\/diariodominicano.com\/index.php?rest_route=\/wp\/v2\/media\/314030"}],"wp:attachment":[{"href":"https:\/\/diariodominicano.com\/index.php?rest_route=%2Fwp%2Fv2%2Fmedia&parent=314029"}],"wp:term":[{"taxonomy":"category","embeddable":true,"href":"https:\/\/diariodominicano.com\/index.php?rest_route=%2Fwp%2Fv2%2Fcategories&post=314029"},{"taxonomy":"post_tag","embeddable":true,"href":"https:\/\/diariodominicano.com\/index.php?rest_route=%2Fwp%2Fv2%2Ftags&post=314029"}],"curies":[{"name":"wp","href":"https:\/\/api.w.org\/{rel}","templated":true}]}}