{"id":313955,"date":"2021-12-05T08:36:55","date_gmt":"2021-12-05T12:36:55","guid":{"rendered":"http:\/\/diariodominicano.com\/?p=313955"},"modified":"2021-12-05T08:36:55","modified_gmt":"2021-12-05T12:36:55","slug":"algo-mas-que-palabras-la-realidad-nos-supera","status":"publish","type":"post","link":"https:\/\/diariodominicano.com\/?p=313955","title":{"rendered":"ALGO M\u00c1S QUE PALABRAS LA REALIDAD NOS SUPERA"},"content":{"rendered":"\n<p><\/p>\n\n\n\n<p><strong><em>\u201cS\u00f3lo hay que ver esa multitud de ciudadanos desplazados, en busca de un rayo de esperanza\u201d.<\/em><\/strong><\/p>\n\n\n\n<p><strong><em>=============================<\/em><\/strong><\/p>\n\n\n\n<p><strong><em>V\u00edctor CORCOBA HERRERO\/ Escritor<\/em><\/strong><\/p>\n\n\n\n<p><strong><em>corcoba@telefonica.net&nbsp;&nbsp;&nbsp;&nbsp;&nbsp;&nbsp;&nbsp;&nbsp;&nbsp;&nbsp;&nbsp;<\/em><\/strong><\/p>\n\n\n\n<p><strong>=============================<\/strong><\/p>\n\n\n\n<p>&nbsp;&nbsp;&nbsp;&nbsp;&nbsp;&nbsp;&nbsp;&nbsp;&nbsp;&nbsp;&nbsp;&nbsp;&nbsp;&nbsp;&nbsp; A la luz de esta realidad que vivimos actualmente, donde hay una falta de avances en liderazgo, gobernanza y financiaci\u00f3n a los m\u00e1s desvalidos, quiero agradecer la labor de esas gentes comprometidas con la verdad, totalmente entregadas a los ojos de la vida, con la energ\u00eda necesaria para embellecer los instantes, lo que contribuye al sosiego, que es lo que nos hace repensar y ver los frutos de renovaci\u00f3n interior que necesitamos. Por cierto, suelen ser ciudadanos humildes y sencillos, que nos los encontramos en cualquier esquina, dispuestos a aprender y a reprenderse ellos mismos, que resisten y acompa\u00f1an los andares colectivos, con un \u00fanico sentimiento de alegr\u00eda. Sin apenas pensarlo \u00f3 tal vez s\u00ed, ah\u00ed est\u00e1 su labor donante, haciendo m\u00e1s llevaderos estos tiempos turbulentos y desafiantes, que nos vienen triturando el coraz\u00f3n, dej\u00e1ndonos sin fuerzas para el camino y totalmente deshumanizados.<\/p>\n\n\n\n<p>Reconozco, que me gustan esas gentes, casi siempre desconocidas, preparadas a darlo todo a cambio de nada. Acostumbran a no desfallecer jam\u00e1s. Los deseos de un mundo mejor para todos es su gran desvelo. Apuestan por el di\u00e1logo de servicio y sumisi\u00f3n, no de ordeno y mando. Est\u00e1n en guardia continuamente, como los aut\u00e9nticos cultivadores de sue\u00f1os. Nadie les conoce ni le reconoce nada; pero est\u00e1n ah\u00ed, entre nosotros, para fomentar la confianza y la buena voluntad entre los pueblos. M\u00e1s pronto que tarde tenemos que regresar al amor, a ese amar verdadero que lo entiende todo y lo conjuga et\u00e9reo para combatir el discurso de odio y venganza, que a diario nos servimos como veneno. Tomemos otro prop\u00f3sito, el instante lo demanda. Despoj\u00e9monos de todo rencor, hagamos el coraz\u00f3n y activemos la clemencia como cultura. Confieso que no me gusta este marco dominador y confuso que nos deja sin aliento para poder continuar el camino.<\/p>\n\n\n\n<p>Urge, por consiguiente, reflexionar sobre la complejidad de la \u00e9poca, lo que nos requiere un mayor esfuerzo, sobre todo a la hora de conseguir soluciones pol\u00edticas, con la proclamaci\u00f3n de los Estados sociales y democr\u00e1ticos de derecho, donde ha de primar la prioridad de la persona sobre todo lo dem\u00e1s, la \u00e9tica sobre el mundo de la relaci\u00f3n y la conciencia sobre la materia. No tienen sentido, pues, otros lenguajes utilizados. Los diversos conflictos entre an\u00e1logos, las variadas crisis socioecon\u00f3micas y clim\u00e1ticas, las enfermedades de todo tipo y la falta de porvenir, van a continuar empujando a m\u00e1s gente a depender de la ayuda de emergencia y a necesitar&nbsp; protecci\u00f3n de todo tipo. Activemos la cultura de la escucha y de la mano extendida. Est\u00e1 visto que cada d\u00eda son m\u00e1s las personas que precisan asistencia b\u00e1sica para poder seguir viviendo. S\u00f3lo hay que ver esa multitud de ciudadanos desplazados, en busca de un rayo de esperanza.<\/p>\n\n\n\n<p>Quiz\u00e1s nos falte tambi\u00e9n ser m\u00e1s creativos para penetrar en tantas realidades injustas que nos dejan sin alma. Deber\u00edamos tomar otras visiones y otros abecedarios m\u00e1s sublimes, cuando menos para hacer nuestro el designio de quietud y desarrollo de justicia y solidaridad, de transformaci\u00f3n y mejora global. La continuidad del linaje activa precisamente ese v\u00ednculo fraterno, tan ecu\u00e1nime como ineludible. En efecto, pensemos en lo esencial que es el valor del compromiso de todos frente a todos, para que prospere el ansiado bienestar colectivo, que de entrada por si mismo conlleva la victoria, sobre la miseria y sobre cualquier forma de degradaci\u00f3n humana. Jam\u00e1s nos abandonemos a la suerte, la gloria se corona con el trabajo constante y en conjunto, por mucha omnipresencia que tenga la inteligencia artificial. Adem\u00e1s si la expansi\u00f3n tecnol\u00f3gica causar\u00e1 desigualdades mayores, no podr\u00edamos considerarla progreso alguno, puesto que conducir\u00eda a una fuerte regresi\u00f3n; a una forma de barbarie, la fortaleza del poseer y dominar.<\/p>\n\n\n\n<p>Por desgracia, los avances tecnol\u00f3gicos se concentran cada vez m\u00e1s en un mundo privilegiado, donde la estupidez nos est\u00e1 volviendo mani\u00e1ticos en ocasiones. Mientras una persona sea v\u00edctima de un sistema, en la que no se le valore como tal y dignifique, con las libertades que son esenciales para una vida plenamente humana, tendremos que continuar mejorando esa nube que ciertamente est\u00e1 interconectada y entonces la tecnolog\u00eda digital puede ser beneficiosa, pero tambi\u00e9n puede ser nociva para los derechos humanos. Al fin, algo es algo, y ya se ha producido el primer acuerdo mundial sobre la moral a considerar, definiendo principios comunes que guiar\u00e1n y garantizar\u00e1n un desarrollo saludable de esta tecnolog\u00eda, a la que hoy por hoy le falta inclusi\u00f3n y latido que nos hermane. Al fin y al cabo, todos necesitamos alimentar en nosotros cierta vena de sentido com\u00fan para que se haga soportable la realidad, que muchas veces nos supera, con el aluvi\u00f3n de incertidumbres y de caminantes corruptos.&nbsp;&nbsp;&nbsp;&nbsp;&nbsp;&nbsp;&nbsp;&nbsp;&nbsp;&nbsp;&nbsp;&nbsp;&nbsp;&nbsp;&nbsp; &nbsp;&nbsp;&nbsp;&nbsp;&nbsp;&nbsp;&nbsp;&nbsp;&nbsp;&nbsp;&nbsp;&nbsp;&nbsp;&nbsp;&nbsp;<\/p>\n\n\n\n<p><strong>V\u00edctor CORCOBA HERRERO \/ Escritor<\/strong><\/p>\n\n\n\n<p><strong><a href=\"mailto:corcoba@telefonica.net\">corcoba@telefonica.net<\/a><\/strong><\/p>\n\n\n\n<p><strong>05 de diciembre de 2021.-<\/strong><\/p>\n","protected":false},"excerpt":{"rendered":"<p>\u201cS\u00f3lo hay que ver esa multitud de ciudadanos desplazados, en busca de un rayo de esperanza\u201d. ============================= V\u00edctor CORCOBA HERRERO\/ Escritor corcoba@telefonica.net&nbsp;&nbsp;&nbsp;&nbsp;&nbsp;&nbsp;&nbsp;&nbsp;&nbsp;&nbsp;&nbsp; ============================= &nbsp;&nbsp;&nbsp;&nbsp;&nbsp;&nbsp;&nbsp;&nbsp;&nbsp;&nbsp;&nbsp;&nbsp;&nbsp;&nbsp;&nbsp; A la luz de esta realidad que vivimos actualmente, donde hay una falta de avances en liderazgo, gobernanza y financiaci\u00f3n a los m\u00e1s desvalidos, quiero agradecer la labor de esas gentes [&hellip;]<\/p>\n","protected":false},"author":28,"featured_media":271841,"comment_status":"closed","ping_status":"","sticky":true,"template":"","format":"standard","meta":{"footnotes":""},"categories":[16,27],"tags":[],"class_list":["post-313955","post","type-post","status-publish","format-standard","has-post-thumbnail","hentry","category-opiniones","category-portada"],"_links":{"self":[{"href":"https:\/\/diariodominicano.com\/index.php?rest_route=\/wp\/v2\/posts\/313955","targetHints":{"allow":["GET"]}}],"collection":[{"href":"https:\/\/diariodominicano.com\/index.php?rest_route=\/wp\/v2\/posts"}],"about":[{"href":"https:\/\/diariodominicano.com\/index.php?rest_route=\/wp\/v2\/types\/post"}],"author":[{"embeddable":true,"href":"https:\/\/diariodominicano.com\/index.php?rest_route=\/wp\/v2\/users\/28"}],"replies":[{"embeddable":true,"href":"https:\/\/diariodominicano.com\/index.php?rest_route=%2Fwp%2Fv2%2Fcomments&post=313955"}],"version-history":[{"count":1,"href":"https:\/\/diariodominicano.com\/index.php?rest_route=\/wp\/v2\/posts\/313955\/revisions"}],"predecessor-version":[{"id":313956,"href":"https:\/\/diariodominicano.com\/index.php?rest_route=\/wp\/v2\/posts\/313955\/revisions\/313956"}],"wp:featuredmedia":[{"embeddable":true,"href":"https:\/\/diariodominicano.com\/index.php?rest_route=\/wp\/v2\/media\/271841"}],"wp:attachment":[{"href":"https:\/\/diariodominicano.com\/index.php?rest_route=%2Fwp%2Fv2%2Fmedia&parent=313955"}],"wp:term":[{"taxonomy":"category","embeddable":true,"href":"https:\/\/diariodominicano.com\/index.php?rest_route=%2Fwp%2Fv2%2Fcategories&post=313955"},{"taxonomy":"post_tag","embeddable":true,"href":"https:\/\/diariodominicano.com\/index.php?rest_route=%2Fwp%2Fv2%2Ftags&post=313955"}],"curies":[{"name":"wp","href":"https:\/\/api.w.org\/{rel}","templated":true}]}}