{"id":313859,"date":"2021-12-04T20:34:22","date_gmt":"2021-12-05T00:34:22","guid":{"rendered":"http:\/\/diariodominicano.com\/?p=313859"},"modified":"2021-12-04T20:34:22","modified_gmt":"2021-12-05T00:34:22","slug":"iad-inicia-operativo-de-reparacion-de-caminos-interparcelarios-en-montecristi","status":"publish","type":"post","link":"https:\/\/diariodominicano.com\/?p=313859","title":{"rendered":"IAD inicia operativo de reparaci\u00f3n de caminos interparcelarios en Montecristi"},"content":{"rendered":"\n<p>diariodominicano.com<\/p>\n\n\n\n<p><strong>Las Matas De Santa Cruz, Montecristi, R. D., 4 de diciembre, 2021.<\/strong>\u2013 El Instituto Agrario Dominicano IAD, a trav\u00e9s de la gerencia 14 inicia operativo de reparaci\u00f3n de alrededor de 150 kil\u00f3metros de caminos interparcelarios que abarca las zonas de Villa V\u00e1squez, Casta\u00f1uelas, Guayub\u00edn, Palo Verde y los Kil\u00f3metros.<\/p>\n\n\n\n<p>Juan Francisco Mart\u00ednez gerente regional inform\u00f3 que se intervendr\u00e1n estos caminos por disposici\u00f3n del director general del IAD, ingeniero Francisco Guillermo Garc\u00eda, interpretando la intenci\u00f3n del presidente Luis Abinader de trabajar sin descanso por el bienestar de todos los dominicanos.<\/p>\n\n\n\n<div class=\"wp-block-image\"><figure class=\"alignright size-large is-resized\"><img loading=\"lazy\" decoding=\"async\" src=\"https:\/\/diariodominicano.com\/wp-content\/uploads\/2021\/12\/camino-montecristiCamion4-12-21-1024x768.jpeg\" alt=\"\" class=\"wp-image-313861\" width=\"364\" height=\"273\" srcset=\"https:\/\/diariodominicano.com\/wp-content\/uploads\/2021\/12\/camino-montecristiCamion4-12-21-1024x768.jpeg 1024w, https:\/\/diariodominicano.com\/wp-content\/uploads\/2021\/12\/camino-montecristiCamion4-12-21-300x225.jpeg 300w, https:\/\/diariodominicano.com\/wp-content\/uploads\/2021\/12\/camino-montecristiCamion4-12-21-768x576.jpeg 768w, https:\/\/diariodominicano.com\/wp-content\/uploads\/2021\/12\/camino-montecristiCamion4-12-21-1536x1153.jpeg 1536w, https:\/\/diariodominicano.com\/wp-content\/uploads\/2021\/12\/camino-montecristiCamion4-12-21-816x612.jpeg 816w, https:\/\/diariodominicano.com\/wp-content\/uploads\/2021\/12\/camino-montecristiCamion4-12-21.jpeg 1599w\" sizes=\"auto, (max-width: 364px) 100vw, 364px\" \/><\/figure><\/div>\n\n\n\n<p>Con esta iniciativa se continua el trabajo que iniciaron hace unos meses para permitir la salida de los camiones cargados de arroz, banano u otros rubros, d\u00f3nde antes las carreteras estaban en p\u00e9simas condiciones, pero con esta reparaci\u00f3n definitiva se beneficiar\u00e1 a los parceleros de Bajo Yaque y otros lugares pertenecientes a esta regi\u00f3n.<\/p>\n\n\n\n<p>\u201cEn estos trabajos estamos utilizando cuatro camiones, un gredar, una pala mec\u00e1nica, un rodillo y un cami\u00f3n de agua, con la idea de mejorar estos caminos de acceso a las fincas, incluyendo algunos que no se intervienen desde el 2002\u201d, detall\u00f3 Mart\u00ednez.<\/p>\n\n\n\n<p>En el inicio de este operativo tambi\u00e9n participaron, Ismael Mart\u00ednez, de la Junta de Regantes Fernando Valerio; el presidente de la asociaci\u00f3n de arroceros Juan Moncion y Aquilino Castillo de la Federaci\u00f3n Nacional de productores de Arroz.<\/p>\n\n\n\n<p>Fuente:  Departamento de Comunicaciones<\/p>\n\n\n\n<p><strong>Instituto Agrario Dominicano (IAD)<\/strong><\/p>\n","protected":false},"excerpt":{"rendered":"<p>diariodominicano.com Las Matas De Santa Cruz, Montecristi, R. D., 4 de diciembre, 2021.\u2013 El Instituto Agrario Dominicano IAD, a trav\u00e9s de la gerencia 14 inicia operativo de reparaci\u00f3n de alrededor de 150 kil\u00f3metros de caminos interparcelarios que abarca las zonas de Villa V\u00e1squez, Casta\u00f1uelas, Guayub\u00edn, Palo Verde y los Kil\u00f3metros. Juan Francisco Mart\u00ednez gerente regional [&hellip;]<\/p>\n","protected":false},"author":5,"featured_media":313860,"comment_status":"closed","ping_status":"","sticky":true,"template":"","format":"standard","meta":{"footnotes":""},"categories":[20,27],"tags":[],"class_list":["post-313859","post","type-post","status-publish","format-standard","has-post-thumbnail","hentry","category-dominicana-hoy","category-portada"],"_links":{"self":[{"href":"https:\/\/diariodominicano.com\/index.php?rest_route=\/wp\/v2\/posts\/313859","targetHints":{"allow":["GET"]}}],"collection":[{"href":"https:\/\/diariodominicano.com\/index.php?rest_route=\/wp\/v2\/posts"}],"about":[{"href":"https:\/\/diariodominicano.com\/index.php?rest_route=\/wp\/v2\/types\/post"}],"author":[{"embeddable":true,"href":"https:\/\/diariodominicano.com\/index.php?rest_route=\/wp\/v2\/users\/5"}],"replies":[{"embeddable":true,"href":"https:\/\/diariodominicano.com\/index.php?rest_route=%2Fwp%2Fv2%2Fcomments&post=313859"}],"version-history":[{"count":1,"href":"https:\/\/diariodominicano.com\/index.php?rest_route=\/wp\/v2\/posts\/313859\/revisions"}],"predecessor-version":[{"id":313862,"href":"https:\/\/diariodominicano.com\/index.php?rest_route=\/wp\/v2\/posts\/313859\/revisions\/313862"}],"wp:featuredmedia":[{"embeddable":true,"href":"https:\/\/diariodominicano.com\/index.php?rest_route=\/wp\/v2\/media\/313860"}],"wp:attachment":[{"href":"https:\/\/diariodominicano.com\/index.php?rest_route=%2Fwp%2Fv2%2Fmedia&parent=313859"}],"wp:term":[{"taxonomy":"category","embeddable":true,"href":"https:\/\/diariodominicano.com\/index.php?rest_route=%2Fwp%2Fv2%2Fcategories&post=313859"},{"taxonomy":"post_tag","embeddable":true,"href":"https:\/\/diariodominicano.com\/index.php?rest_route=%2Fwp%2Fv2%2Ftags&post=313859"}],"curies":[{"name":"wp","href":"https:\/\/api.w.org\/{rel}","templated":true}]}}