{"id":313846,"date":"2021-12-04T20:25:19","date_gmt":"2021-12-05T00:25:19","guid":{"rendered":"http:\/\/diariodominicano.com\/?p=313846"},"modified":"2021-12-04T20:25:19","modified_gmt":"2021-12-05T00:25:19","slug":"rio-de-janeiro-cancela-fiesta-de-ano-nuevo-por-nueva-variante-covid-19","status":"publish","type":"post","link":"https:\/\/diariodominicano.com\/?p=313846","title":{"rendered":"R\u00edo de Janeiro cancela fiesta de A\u00f1o Nuevo por nueva variante COVID-19"},"content":{"rendered":"\n<p>diariodominicano.com<\/p>\n\n\n\n<pre id=\"text-news-description\" class=\"wp-block-preformatted\">   RIO DE JANEIRO, 4 dic (Xinhua) -- La alcald\u00eda de R\u00edo de Janeiro, el municipio m\u00e1s tur\u00edstico de Brasil, anunci\u00f3 hoy la cancelaci\u00f3n de su famoso \"R\u00e9veillon\" (fiesta de A\u00f1o Nuevo) debido a la  variante Omicron de la enfermedad del nuevo coronavirus (COVID-19).\n   El alcalde de R\u00edo de Janeiro, Eduardo Paes, anunci\u00f3 en las redes sociales la cancelaci\u00f3n del evento, que suele reunir millones de personas cada a\u00f1o en las playas de la ciudad.\n   \"Respetamos la ciencia. Como son opiniones divergentes entre comit\u00e9s cient\u00edficos, siempre nos quedaremos con la m\u00e1s restrictiva. El comit\u00e9 de la alcald\u00eda dice que se puede, pero el del Estado dice que no. Entonces, no se puede hacer. Cancelamos de esta forma la celebraci\u00f3n oficial del Reveillon de R\u00edo de Janeiro\", dijo el alcalde, quien expres\u00f3 su tristeza por la cancelaci\u00f3n.\n   \"Lamentablemente no tenemos c\u00f3mo organizar una fiesta de esta dimensi\u00f3n, en la que tenemos muchos gastos y log\u00edstica envueltos, sin el m\u00ednimo tiempo para preparaci\u00f3n\", agreg\u00f3.\n   Se trata del segundo a\u00f1o consecutivo en el que R\u00edo de Janeiro, la ciudad que recibe m\u00e1s turistas de Brasil, cancela la fiesta de despedida del a\u00f1o debido a la COVID-19.\n   Adem\u00e1s de R\u00edo de Janeiro, otras 18 capitales brasile\u00f1as tambi\u00e9n anunciaron la cancelaci\u00f3n de la fiesta de despedida del a\u00f1o: Aracaju, Bel\u00e9m, Brasilia, Campo Grande, Cuiab\u00e1, Florian\u00f3polis, Fortaleza, Joao Pessoa, Macei\u00f3, Manaus, Natal, Palmas, Porto Alegre, Recife, R\u00edo de Janeiro, Salvador, Sao Paulo, Sao Luis y Vit\u00f3ria.\n   En Florian\u00f3polis y Recife habr\u00e1 fuegos artificiales, pero todas las actuaciones previstas fueron canceladas.\n   Por el momento, s\u00f3lo Porto Velho y Boa Vista pretenden organizar su tradicional \"R\u00e9veillon\". <\/pre>\n","protected":false},"excerpt":{"rendered":"<p>diariodominicano.com RIO DE JANEIRO, 4 dic (Xinhua) &#8212; La alcald\u00eda de R\u00edo de Janeiro, el municipio m\u00e1s tur\u00edstico de Brasil, anunci\u00f3 hoy la cancelaci\u00f3n de su famoso \u00abR\u00e9veillon\u00bb (fiesta de A\u00f1o Nuevo) debido a la variante Omicron de la enfermedad del nuevo coronavirus (COVID-19). El alcalde de R\u00edo de Janeiro, Eduardo Paes, anunci\u00f3 en las [&hellip;]<\/p>\n","protected":false},"author":5,"featured_media":313857,"comment_status":"closed","ping_status":"","sticky":true,"template":"","format":"standard","meta":{"footnotes":""},"categories":[23,27],"tags":[],"class_list":["post-313846","post","type-post","status-publish","format-standard","has-post-thumbnail","hentry","category-internacional","category-portada"],"_links":{"self":[{"href":"https:\/\/diariodominicano.com\/index.php?rest_route=\/wp\/v2\/posts\/313846","targetHints":{"allow":["GET"]}}],"collection":[{"href":"https:\/\/diariodominicano.com\/index.php?rest_route=\/wp\/v2\/posts"}],"about":[{"href":"https:\/\/diariodominicano.com\/index.php?rest_route=\/wp\/v2\/types\/post"}],"author":[{"embeddable":true,"href":"https:\/\/diariodominicano.com\/index.php?rest_route=\/wp\/v2\/users\/5"}],"replies":[{"embeddable":true,"href":"https:\/\/diariodominicano.com\/index.php?rest_route=%2Fwp%2Fv2%2Fcomments&post=313846"}],"version-history":[{"count":1,"href":"https:\/\/diariodominicano.com\/index.php?rest_route=\/wp\/v2\/posts\/313846\/revisions"}],"predecessor-version":[{"id":313858,"href":"https:\/\/diariodominicano.com\/index.php?rest_route=\/wp\/v2\/posts\/313846\/revisions\/313858"}],"wp:featuredmedia":[{"embeddable":true,"href":"https:\/\/diariodominicano.com\/index.php?rest_route=\/wp\/v2\/media\/313857"}],"wp:attachment":[{"href":"https:\/\/diariodominicano.com\/index.php?rest_route=%2Fwp%2Fv2%2Fmedia&parent=313846"}],"wp:term":[{"taxonomy":"category","embeddable":true,"href":"https:\/\/diariodominicano.com\/index.php?rest_route=%2Fwp%2Fv2%2Fcategories&post=313846"},{"taxonomy":"post_tag","embeddable":true,"href":"https:\/\/diariodominicano.com\/index.php?rest_route=%2Fwp%2Fv2%2Ftags&post=313846"}],"curies":[{"name":"wp","href":"https:\/\/api.w.org\/{rel}","templated":true}]}}