{"id":313843,"date":"2021-12-04T19:20:33","date_gmt":"2021-12-04T23:20:33","guid":{"rendered":"http:\/\/diariodominicano.com\/?p=313843"},"modified":"2021-12-04T19:20:33","modified_gmt":"2021-12-04T23:20:33","slug":"presidente-luis-abinader-considera-importante-reformar-sistema-seguridad-social-y-codigo-de-trabajo","status":"publish","type":"post","link":"https:\/\/diariodominicano.com\/?p=313843","title":{"rendered":"Presidente Luis Abinader considera importante reformar Sistema Seguridad Social y C\u00f3digo de Trabajo"},"content":{"rendered":"\n<p>diariodominicano.com<\/p>\n\n\n\n<p>Santo Domingo, R. D.,  4 de diciembre, 2021.- El presidente Luis Abinader plante\u00f3 hoy la necesidad de que la Rep\u00fablica Dominicana cuente con un sistema de Pensiones justo, que proteja a las personas cuando su vida laboral termine y pasen a una condici\u00f3n de retiro.<\/p>\n\n\n\n<p>El mandatario dijo que los sistemas de seguridad social tienen que garantizar pensiones justas para que la gente pueda vivir de manera digna, en el ocaso de su vida laboral.<\/p>\n\n\n\n<p>El gobernante consider\u00f3 que debe haber una combinaci\u00f3n para que las pensiones sean justas, con un sistema de capitalizaci\u00f3n individual que se fortalecer\u00e1 en la medida en que se mejoren los salarios para que todos los trabajadores tengan una pensi\u00f3n m\u00ednima garantizada, as\u00ed como una posibilidad de ahorro que les permita aumentar el monto de su pensi\u00f3n al momento del retiro.<\/p>\n\n\n\n<p>El presidente Abinader hizo sus pronunciamientos al participar como invitado especial en el Quinto Congreso de la Confederaci\u00f3n Nacional de Unidad Sindical (CNUS), convocado para establecer una Estrategia de Desarrollo Organizativo en favor del sector laboral dominicano e iniciar un di\u00e1logo para abordar las reformas propuestas por el gobierno sobre Seguridad Social y el C\u00f3digo de Trabajo.<\/p>\n\n\n\n<p>El jefe de Estado agradeci\u00f3 a los miembros de la CNUS por acoger su llamado de iniciar un di\u00e1logo de concertaci\u00f3n nacional para abordar las reformas que est\u00e1 impulsando, cuyo objetivo es institucionalizar y potenciar las posibilidades de desarrollo para el futuro de la Rep\u00fablica Dominicana.<\/p>\n\n\n\n<p>Resalt\u00f3 que ha priorizado y aceptado la propuesta de las centrales sindicales y del Ministerio de Trabajo para que las reformas se realicen en el marco tripartito y del Consejo Econ\u00f3mico y Social, con el fin de buscar el consenso entre las partes interesadas.<\/p>\n\n\n\n<p>\u201cEstas reformas son importantes para el futuro del pa\u00eds; reformar el sistema de Seguridad Social y nuestro C\u00f3digo de Trabajo son parte importante de esta agenda de reformas\u201d, indic\u00f3 el jefe del Estado durante su alocuci\u00f3n en el evento.<\/p>\n\n\n\n<p>En otro orden, reiter\u00f3 su compromiso de impulsar el establecimiento de un salario real en el pa\u00eds, a fin de que garantice el bienestar y la calidad de vida de la familia trabajadora.<\/p>\n\n\n\n<p>De su lado, el presidente del Consejo Nacional de Unidad Sindical (CNUS), Rafael \u201cPepe\u201d Abreu, anunci\u00f3 que habr\u00e1 un di\u00e1logo nacional convocado por el presidente Luis Abinader, donde se contempla abordar varias reformas y tendr\u00e1 mesas tem\u00e1ticas e institucionales.<\/p>\n\n\n\n<p>Destac\u00f3 la templanza del presidente Luis Abinader al manejar la situaci\u00f3n econ\u00f3mica a pesar de atravesar una pandemia.<\/p>\n\n\n\n<p>En su turno, la ministra de la Mujer, Mayra Jim\u00e9nez, resalt\u00f3 que es primera vez que un presidente acompa\u00f1a a la clase trabajadora en uno de sus congresos y resalt\u00f3 que las mujeres representan un aporte primordial al desarrollo y el crecimiento econ\u00f3mico del pa\u00eds.<\/p>\n\n\n\n<p>Estuvieron presentes en la actividad, el presidente de la Federaci\u00f3n de los Trabajadores de la Construcci\u00f3n, Pedro Julio Alc\u00e1ntara; el secretario general de la CNUS, Jos\u00e9 De Los Santos; los vicepresidentes de la CNUS, Agust\u00edn Vargas Saillant, Eulogia Familia, Clemente Morillo e Ignacio Hern\u00e1ndez; el gerente general del Consejo Nacional de la Seguridad Social, F\u00e9lix Aracena Vargas; el superintendente de Salud y Riesgos Laborales, Jes\u00fas Feris Iglesias, entre otros.<\/p>\n\n\n\n<p>Fuente: Direcci\u00f3n de Estrategia y Comunicaci\u00f3n Gubernamental<\/p>\n\n\n\n<p>Ministerio Administrativo de la Presidencia de la Rep\u00fablica Dominicana<\/p>\n","protected":false},"excerpt":{"rendered":"<p>diariodominicano.com Santo Domingo, R. D., 4 de diciembre, 2021.- El presidente Luis Abinader plante\u00f3 hoy la necesidad de que la Rep\u00fablica Dominicana cuente con un sistema de Pensiones justo, que proteja a las personas cuando su vida laboral termine y pasen a una condici\u00f3n de retiro. El mandatario dijo que los sistemas de seguridad social [&hellip;]<\/p>\n","protected":false},"author":5,"featured_media":313844,"comment_status":"closed","ping_status":"","sticky":true,"template":"","format":"standard","meta":{"footnotes":""},"categories":[20,27],"tags":[],"class_list":["post-313843","post","type-post","status-publish","format-standard","has-post-thumbnail","hentry","category-dominicana-hoy","category-portada"],"_links":{"self":[{"href":"https:\/\/diariodominicano.com\/index.php?rest_route=\/wp\/v2\/posts\/313843","targetHints":{"allow":["GET"]}}],"collection":[{"href":"https:\/\/diariodominicano.com\/index.php?rest_route=\/wp\/v2\/posts"}],"about":[{"href":"https:\/\/diariodominicano.com\/index.php?rest_route=\/wp\/v2\/types\/post"}],"author":[{"embeddable":true,"href":"https:\/\/diariodominicano.com\/index.php?rest_route=\/wp\/v2\/users\/5"}],"replies":[{"embeddable":true,"href":"https:\/\/diariodominicano.com\/index.php?rest_route=%2Fwp%2Fv2%2Fcomments&post=313843"}],"version-history":[{"count":1,"href":"https:\/\/diariodominicano.com\/index.php?rest_route=\/wp\/v2\/posts\/313843\/revisions"}],"predecessor-version":[{"id":313845,"href":"https:\/\/diariodominicano.com\/index.php?rest_route=\/wp\/v2\/posts\/313843\/revisions\/313845"}],"wp:featuredmedia":[{"embeddable":true,"href":"https:\/\/diariodominicano.com\/index.php?rest_route=\/wp\/v2\/media\/313844"}],"wp:attachment":[{"href":"https:\/\/diariodominicano.com\/index.php?rest_route=%2Fwp%2Fv2%2Fmedia&parent=313843"}],"wp:term":[{"taxonomy":"category","embeddable":true,"href":"https:\/\/diariodominicano.com\/index.php?rest_route=%2Fwp%2Fv2%2Fcategories&post=313843"},{"taxonomy":"post_tag","embeddable":true,"href":"https:\/\/diariodominicano.com\/index.php?rest_route=%2Fwp%2Fv2%2Ftags&post=313843"}],"curies":[{"name":"wp","href":"https:\/\/api.w.org\/{rel}","templated":true}]}}