{"id":313730,"date":"2021-12-04T13:27:57","date_gmt":"2021-12-04T17:27:57","guid":{"rendered":"http:\/\/diariodominicano.com\/?p=313730"},"modified":"2021-12-04T21:07:53","modified_gmt":"2021-12-05T01:07:53","slug":"juramentan-directiva-asociacion-apicultores-del-nordeste-en-ciudad-agropecuaria","status":"publish","type":"post","link":"https:\/\/diariodominicano.com\/?p=313730","title":{"rendered":"Juramentan directiva Asociaci\u00f3n Apicultores del Nordeste en ciudad agropecuaria"},"content":{"rendered":"\n<p>diariodominicano.com<\/p>\n\n\n\n<p>San Francisco de Macor\u00eds, Duarte, R. D.,  4 de diciembre, 2021<strong>.\u2013<\/strong>&nbsp;&nbsp;El Patronato de la Ciudad Agropecuaria del Nordeste, avanz\u00f3 otra de las etapas constitutivas de la Asociaci\u00f3n de Productores Ap\u00edcolas de la regi\u00f3n nordeste, al dejar escogida y juramentada mediante una asamblea la Asociaci\u00f3n de productores ap\u00edcolas.<\/p>\n\n\n\n<p>Con la participaci\u00f3n de 32 de los miembros de la Asociaci\u00f3n legalmente constituida, se dio inicio al proceso de asamblea, donde fueron escogidos siete miembros de la directiva que regenteara la instituci\u00f3n para concluir su proceso de estructuraci\u00f3n. &nbsp;<\/p>\n\n\n\n<div class=\"wp-block-image\"><figure class=\"alignright size-large is-resized\"><img loading=\"lazy\" decoding=\"async\" src=\"https:\/\/diariodominicano.com\/wp-content\/uploads\/2021\/12\/Apicultores-Nordeste-ciudad-agropecuaria-4-12-21-1-1024x768.jpg\" alt=\"\" class=\"wp-image-313743\" width=\"424\" height=\"318\" srcset=\"https:\/\/diariodominicano.com\/wp-content\/uploads\/2021\/12\/Apicultores-Nordeste-ciudad-agropecuaria-4-12-21-1-1024x768.jpg 1024w, https:\/\/diariodominicano.com\/wp-content\/uploads\/2021\/12\/Apicultores-Nordeste-ciudad-agropecuaria-4-12-21-1-300x225.jpg 300w, https:\/\/diariodominicano.com\/wp-content\/uploads\/2021\/12\/Apicultores-Nordeste-ciudad-agropecuaria-4-12-21-1-768x576.jpg 768w, https:\/\/diariodominicano.com\/wp-content\/uploads\/2021\/12\/Apicultores-Nordeste-ciudad-agropecuaria-4-12-21-1-1536x1152.jpg 1536w, https:\/\/diariodominicano.com\/wp-content\/uploads\/2021\/12\/Apicultores-Nordeste-ciudad-agropecuaria-4-12-21-1-816x612.jpg 816w, https:\/\/diariodominicano.com\/wp-content\/uploads\/2021\/12\/Apicultores-Nordeste-ciudad-agropecuaria-4-12-21-1.jpg 1600w\" sizes=\"auto, (max-width: 424px) 100vw, 424px\" \/><\/figure><\/div>\n\n\n\n<p>La directiva est\u00e1 compuesta por los trabajadores de la miel y los panales, Carlos Gil como presidente, quien obtuvo 26 votos de 32, Joel Cabrera como vicepresidente con 19 sufragios, Jes\u00fas Taveras como secretario con 22, Isidro Peralta como Tesorero con 24, en tanto que los vocales son; Yansel de Jes\u00fas, Mois\u00e9s Jaques y Nano Morillo.<\/p>\n\n\n\n<p>El electo presidente Carlos Gil, dijo que trabajar\u00e1n de la mano del Patronato que es quien les ha dado el apoyo principal, adem\u00e1s de otras instituciones que se quieran sumar para fortalecer el sector ap\u00edcola en la regi\u00f3n nordeste.<\/p>\n\n\n\n<p>En tanto que el especialista medioambiental V\u00edctor Almanzar, valor\u00f3 la creaci\u00f3n del organismo que agrupara a los recolectores y cultivadores de miel, conservadores de las abejas y protectores del medioambiente.<\/p>\n\n\n\n<p>\u201cDesde el patronato durante este a\u00f1o se prioriz\u00f3 el sector ap\u00edcola, con quienes comenzamos a realizar las capacitaciones, seguido de la entrega de equipos para el desarrollo de sus labores de producci\u00f3n y ahora el proceso de fortalecimiento institucional, con el registro en ONAPI, la creaci\u00f3n de los estatutos y hoy la elecci\u00f3n y posterior juramentaci\u00f3n de la directiva\u201d, dijo Almanzar, quien sirvi\u00f3 de asesor a la entidad.<\/p>\n\n\n\n<p>El pasado 11 de septiembre el Patronato de la Ciudad Agropecuaria del Nordeste y la Universidad Aut\u00f3noma de Santo Domingo UASD, entregaron cientos de cajas y utensilios en apoyo a los productores ap\u00edcolas de la regi\u00f3n nordeste, lo que se suma a la realizaci\u00f3n previa de actividades formativas, tendentes a orientar a estos sectores productivos para mejorar la calidad de sus productos, adem\u00e1s de donarles insumos y maquinarias para el mejor desempe\u00f1o de sus labores.<\/p>\n\n\n\n<p>En esa oportunidad las autoridades de la organizaci\u00f3n representadas por Carlos Eliseo Negr\u00edn y V\u00edctor Almanzar, informaron que en total se entregaron 100 cajas completas, 100 media alzas con cuadros, 20 cepillos, 20 cu\u00f1as, 20 velos, 20 sombreros para velo, 20 cuchillos desoperculadores, entre otros objetos necesarios para el desarrollo de la producci\u00f3n ap\u00edcola en esta zona del pa\u00eds.<\/p>\n\n\n\n<p>&nbsp;Los esfuerzos del Patronato de la Ciudad Agropecuaria del Nordeste se deben seg\u00fan detallaron sus ejecutivos, &nbsp;a que en el caso de la producci\u00f3n ap\u00edcola se trata de la actividad que m\u00e1s aporta a la producci\u00f3n agr\u00edcola y la biodiversidad de la flora, pero lamentablemente las abejas se est\u00e1n disminuyendo dr\u00e1sticamente, lo que amerita que se tomen medidas tendentes a apoyar el aumento de los apiarios y su producci\u00f3n.<\/p>\n\n\n\n<p>Fuente:  <strong>Miguel Montilla<\/strong><\/p>\n\n\n\n<p>Periodista, Locutor, Director de Medios en SFM<\/p>\n\n\n\n<p><\/p>\n","protected":false},"excerpt":{"rendered":"<p>diariodominicano.com San Francisco de Macor\u00eds, Duarte, R. D., 4 de diciembre, 2021.\u2013&nbsp;&nbsp;El Patronato de la Ciudad Agropecuaria del Nordeste, avanz\u00f3 otra de las etapas constitutivas de la Asociaci\u00f3n de Productores Ap\u00edcolas de la regi\u00f3n nordeste, al dejar escogida y juramentada mediante una asamblea la Asociaci\u00f3n de productores ap\u00edcolas. Con la participaci\u00f3n de 32 de los [&hellip;]<\/p>\n","protected":false},"author":5,"featured_media":313739,"comment_status":"closed","ping_status":"","sticky":true,"template":"","format":"standard","meta":{"footnotes":""},"categories":[20,27],"tags":[],"class_list":["post-313730","post","type-post","status-publish","format-standard","has-post-thumbnail","hentry","category-dominicana-hoy","category-portada"],"_links":{"self":[{"href":"https:\/\/diariodominicano.com\/index.php?rest_route=\/wp\/v2\/posts\/313730","targetHints":{"allow":["GET"]}}],"collection":[{"href":"https:\/\/diariodominicano.com\/index.php?rest_route=\/wp\/v2\/posts"}],"about":[{"href":"https:\/\/diariodominicano.com\/index.php?rest_route=\/wp\/v2\/types\/post"}],"author":[{"embeddable":true,"href":"https:\/\/diariodominicano.com\/index.php?rest_route=\/wp\/v2\/users\/5"}],"replies":[{"embeddable":true,"href":"https:\/\/diariodominicano.com\/index.php?rest_route=%2Fwp%2Fv2%2Fcomments&post=313730"}],"version-history":[{"count":3,"href":"https:\/\/diariodominicano.com\/index.php?rest_route=\/wp\/v2\/posts\/313730\/revisions"}],"predecessor-version":[{"id":313875,"href":"https:\/\/diariodominicano.com\/index.php?rest_route=\/wp\/v2\/posts\/313730\/revisions\/313875"}],"wp:featuredmedia":[{"embeddable":true,"href":"https:\/\/diariodominicano.com\/index.php?rest_route=\/wp\/v2\/media\/313739"}],"wp:attachment":[{"href":"https:\/\/diariodominicano.com\/index.php?rest_route=%2Fwp%2Fv2%2Fmedia&parent=313730"}],"wp:term":[{"taxonomy":"category","embeddable":true,"href":"https:\/\/diariodominicano.com\/index.php?rest_route=%2Fwp%2Fv2%2Fcategories&post=313730"},{"taxonomy":"post_tag","embeddable":true,"href":"https:\/\/diariodominicano.com\/index.php?rest_route=%2Fwp%2Fv2%2Ftags&post=313730"}],"curies":[{"name":"wp","href":"https:\/\/api.w.org\/{rel}","templated":true}]}}