{"id":313724,"date":"2021-12-04T13:04:36","date_gmt":"2021-12-04T17:04:36","guid":{"rendered":"http:\/\/diariodominicano.com\/?p=313724"},"modified":"2021-12-04T13:04:36","modified_gmt":"2021-12-04T17:04:36","slug":"policia-apresa-dos-hombres-por-intento-de-homicidio-uno-trato-de-matar-a-su-madre-y-el-otro-a-su-ex-pareja","status":"publish","type":"post","link":"https:\/\/diariodominicano.com\/?p=313724","title":{"rendered":"Polic\u00eda apresa dos hombres por intento de homicidio; uno trat\u00f3 de matar a su madre y el otro a su ex pareja"},"content":{"rendered":"\n<p>diariodominicano.com<\/p>\n\n\n\n<p>Santo Domingo, R. D.,  4 de diciembre, 2021.-  La Polic\u00eda apres\u00f3 ayer en la l\u00ednea noroeste en flagrante delito a un joven de 18 a\u00f1os, cuando intentaba ultimar a su madre con un cuchillo, y a un hombre de 55 que trataba de matar a tiros a su ex pareja.<\/p>\n\n\n\n<p>Los apresados son Mariel Silva Paredes, residente en el sector Pueblo Abajo, en el municipio de Laguna Salada, provincia Valverde; y Juan Orlando Espinal L\u00f3pez, residente en el sector La Caoba, del municipio de Sabaneta, en la provincia Santiago Rodr\u00edguez.<\/p>\n\n\n\n<p>Silva Paredes fue apresado cuando, con cuchillo en mano, trataba de penetrar a la residencia de su madre a quien amenazaba con matarla.<\/p>\n\n\n\n<p>La se\u00f1ora estaba encerrada en su vivienda junto a dos hijas menores de edad, cuando los agentes apresaron a su hijo, que, adem\u00e1s, portaba una pistola de juguete.<\/p>\n\n\n\n<p>En tanto que Espinal L\u00f3pez fue apresado por una patrulla de la Polic\u00eda que fue avisada por una fiscal, quien, a su vez, hab\u00eda sido alertada por tel\u00e9fono desde la comunidad Los Pasos del Guanal.<\/p>\n\n\n\n<p>Espinal L\u00f3pez portaba una pistola con carnet de porte y tenencia de arma vencidos desde hace once a\u00f1os, arma con la cual pretend\u00eda utilizar en contra de su ex pareja.<\/p>\n\n\n\n<p>Los detenidos y las armas que portaban fueron puestos bajo control del Ministerio P\u00fablico para los fines legales correspondientes.<\/p>\n\n\n\n<p>Fuente: Departamento de Prensa<\/p>\n\n\n\n<p>Direcci\u00f3n\u00a0de Comunicaciones\u00a0Estrat\u00e9gicas<\/p>\n\n\n\n<p>Polic\u00eda Nacional Rep\u00fablica Dominicana<\/p>\n","protected":false},"excerpt":{"rendered":"<p>diariodominicano.com Santo Domingo, R. D., 4 de diciembre, 2021.- La Polic\u00eda apres\u00f3 ayer en la l\u00ednea noroeste en flagrante delito a un joven de 18 a\u00f1os, cuando intentaba ultimar a su madre con un cuchillo, y a un hombre de 55 que trataba de matar a tiros a su ex pareja. Los apresados son Mariel [&hellip;]<\/p>\n","protected":false},"author":5,"featured_media":302466,"comment_status":"closed","ping_status":"","sticky":true,"template":"","format":"standard","meta":{"footnotes":""},"categories":[24,27],"tags":[],"class_list":["post-313724","post","type-post","status-publish","format-standard","has-post-thumbnail","hentry","category-justicia-y-derecho","category-portada"],"_links":{"self":[{"href":"https:\/\/diariodominicano.com\/index.php?rest_route=\/wp\/v2\/posts\/313724","targetHints":{"allow":["GET"]}}],"collection":[{"href":"https:\/\/diariodominicano.com\/index.php?rest_route=\/wp\/v2\/posts"}],"about":[{"href":"https:\/\/diariodominicano.com\/index.php?rest_route=\/wp\/v2\/types\/post"}],"author":[{"embeddable":true,"href":"https:\/\/diariodominicano.com\/index.php?rest_route=\/wp\/v2\/users\/5"}],"replies":[{"embeddable":true,"href":"https:\/\/diariodominicano.com\/index.php?rest_route=%2Fwp%2Fv2%2Fcomments&post=313724"}],"version-history":[{"count":1,"href":"https:\/\/diariodominicano.com\/index.php?rest_route=\/wp\/v2\/posts\/313724\/revisions"}],"predecessor-version":[{"id":313725,"href":"https:\/\/diariodominicano.com\/index.php?rest_route=\/wp\/v2\/posts\/313724\/revisions\/313725"}],"wp:featuredmedia":[{"embeddable":true,"href":"https:\/\/diariodominicano.com\/index.php?rest_route=\/wp\/v2\/media\/302466"}],"wp:attachment":[{"href":"https:\/\/diariodominicano.com\/index.php?rest_route=%2Fwp%2Fv2%2Fmedia&parent=313724"}],"wp:term":[{"taxonomy":"category","embeddable":true,"href":"https:\/\/diariodominicano.com\/index.php?rest_route=%2Fwp%2Fv2%2Fcategories&post=313724"},{"taxonomy":"post_tag","embeddable":true,"href":"https:\/\/diariodominicano.com\/index.php?rest_route=%2Fwp%2Fv2%2Ftags&post=313724"}],"curies":[{"name":"wp","href":"https:\/\/api.w.org\/{rel}","templated":true}]}}