{"id":313719,"date":"2021-12-04T12:25:54","date_gmt":"2021-12-04T16:25:54","guid":{"rendered":"http:\/\/diariodominicano.com\/?p=313719"},"modified":"2021-12-04T12:31:50","modified_gmt":"2021-12-04T16:31:50","slug":"en-argentina-recuerdan-a-nino-de-cinco-anos-supuestamente-asesinado-lesbianas-y-activistas-pro-aborto","status":"publish","type":"post","link":"https:\/\/diariodominicano.com\/?p=313719","title":{"rendered":"En Argentina recuerdan a ni\u00f1o de cinco a\u00f1os, supuestamente asesinado por lesbianas y activistas pro aborto"},"content":{"rendered":"\n<p>diariodominicano.com<\/p>\n\n\n\n<p>POR&nbsp;<a href=\"https:\/\/plus.google.com\/107804778779838332355\/?rel=author\">WALTER S\u00c1NCHEZ SILVA<\/a>&nbsp;| ACI Prensa<\/p>\n\n\n\n<p>Vaticano, 4 de diciembre, 2021.-  La pareja de lesbianas feministas que mat\u00f3 a golpes al peque\u00f1o Abel Lucio Dupuy, un ni\u00f1o de cinco a\u00f1os, tambi\u00e9n llevaba al peque\u00f1o a marchas a favor del aborto en Argentina.<\/p>\n\n\n\n<p>\u201cLucio, el ni\u00f1o brutalmente asesinado por su madre y por la novia de esta \u00faltima, era llevado a las marchas feministas y abortistas\u201d, indic\u00f3 en su cuenta de&nbsp;<a href=\"https:\/\/twitter.com\/agustinlaje\/status\/1466483901015203845?s=21\">Twitter el 2 de diciembre<\/a>&nbsp;el polit\u00f3logo argentino y experto en la ideolog\u00eda de g\u00e9nero, Agust\u00edn Laje.<\/p>\n\n\n\n<p>\u201cEn la foto lo ven quebrado, de las golpizas que recib\u00eda por parte de estas mujeres, que luego marchaban para \u2018poner fin a la violencia de g\u00e9nero\u2019\u201d, agreg\u00f3.<\/p>\n\n\n\n<p>Tambi\u00e9n el 2 de diciembre el&nbsp;<a href=\"https:\/\/twitter.com\/partido_celeste\/status\/1466394754069909508?s=21\">Partido Celeste Provida comparti\u00f3 en Twitter<\/a>&nbsp;un video en el que se puede ver a Lucio con la mano derecha vendada.<\/p>\n\n\n\n<p>\u201cEn las marchas feministas que se impulsaba el genocidio del aborto, llevaban a Lucio y se encontraba en estas condiciones, quebrado, golpeado moretoneado, pero al colectivo verde no le import\u00f3. Hip\u00f3critas. #JusticiaPorLucio\u201d, afirma el grupo provida argentino.<\/p>\n\n\n\n<p>El asesinato de Lucio, que muri\u00f3 a causa de los maltratos f\u00edsicos de su madre y de su pareja lesbiana, en un caso que ha conmocionado a Argentina.<\/p>\n\n\n\n<p>La mam\u00e1 de Lucio, Magdalena Esp\u00f3sito Valiente, y su pareja Abigail P\u00e1ez, ambas activistas del colectivo LGTB (lesbianas, gays, transexuales y bisexuales), fueron imputadas y detenidas por el asesinato.<\/p>\n\n\n\n<p>Ambas mujeres manten\u00edan un proceso por la tenencia del menor con el pap\u00e1 biol\u00f3gico, Christian Dupuy.<\/p>\n\n\n\n<p>El asesinato del ni\u00f1o Abel Lucio Dupuy se perpetr\u00f3 el 26 de noviembre en la ciudad de Santa Rosa, provincia argentina de La Pampa.<\/p>\n\n\n\n<p>El menor fue llevado al hospital con convulsiones, pero los m\u00e9dicos no pudieron salvarlo debido a m\u00faltiples traumatismos y una hemorragia interna.<\/p>\n\n\n\n<p>La necropsia tambi\u00e9n revel\u00f3 que el ni\u00f1o ten\u00eda antiguas marcas de mordeduras y quemaduras de cigarrillo.<\/p>\n\n\n\n<p>Medios de comunicaci\u00f3n locales indicaron que la historia cl\u00ednica del menor detalla que fue atendido por traumatismos varias veces entre diciembre de 2020 y marzo de 2021, pero no existi\u00f3 un seguimiento de esos antecedentes por parte de la justicia.<\/p>\n\n\n\n<p>En Twitter se lanzaron la convocatoria para que el viernes a las 21 horas, en la plaza principal de cada ciudad de Argentina, se encendiera una vela blanca y se elevara un globo blanco en silencio, en recuerdo del fallecido ni\u00f1o.<\/p>\n\n\n\n<p><\/p>\n","protected":false},"excerpt":{"rendered":"<p>diariodominicano.com POR&nbsp;WALTER S\u00c1NCHEZ SILVA&nbsp;| ACI Prensa Vaticano, 4 de diciembre, 2021.- La pareja de lesbianas feministas que mat\u00f3 a golpes al peque\u00f1o Abel Lucio Dupuy, un ni\u00f1o de cinco a\u00f1os, tambi\u00e9n llevaba al peque\u00f1o a marchas a favor del aborto en Argentina. \u201cLucio, el ni\u00f1o brutalmente asesinado por su madre y por la novia de [&hellip;]<\/p>\n","protected":false},"author":5,"featured_media":313720,"comment_status":"closed","ping_status":"","sticky":true,"template":"","format":"standard","meta":{"footnotes":""},"categories":[23,27],"tags":[],"class_list":["post-313719","post","type-post","status-publish","format-standard","has-post-thumbnail","hentry","category-internacional","category-portada"],"_links":{"self":[{"href":"https:\/\/diariodominicano.com\/index.php?rest_route=\/wp\/v2\/posts\/313719","targetHints":{"allow":["GET"]}}],"collection":[{"href":"https:\/\/diariodominicano.com\/index.php?rest_route=\/wp\/v2\/posts"}],"about":[{"href":"https:\/\/diariodominicano.com\/index.php?rest_route=\/wp\/v2\/types\/post"}],"author":[{"embeddable":true,"href":"https:\/\/diariodominicano.com\/index.php?rest_route=\/wp\/v2\/users\/5"}],"replies":[{"embeddable":true,"href":"https:\/\/diariodominicano.com\/index.php?rest_route=%2Fwp%2Fv2%2Fcomments&post=313719"}],"version-history":[{"count":2,"href":"https:\/\/diariodominicano.com\/index.php?rest_route=\/wp\/v2\/posts\/313719\/revisions"}],"predecessor-version":[{"id":313723,"href":"https:\/\/diariodominicano.com\/index.php?rest_route=\/wp\/v2\/posts\/313719\/revisions\/313723"}],"wp:featuredmedia":[{"embeddable":true,"href":"https:\/\/diariodominicano.com\/index.php?rest_route=\/wp\/v2\/media\/313720"}],"wp:attachment":[{"href":"https:\/\/diariodominicano.com\/index.php?rest_route=%2Fwp%2Fv2%2Fmedia&parent=313719"}],"wp:term":[{"taxonomy":"category","embeddable":true,"href":"https:\/\/diariodominicano.com\/index.php?rest_route=%2Fwp%2Fv2%2Fcategories&post=313719"},{"taxonomy":"post_tag","embeddable":true,"href":"https:\/\/diariodominicano.com\/index.php?rest_route=%2Fwp%2Fv2%2Ftags&post=313719"}],"curies":[{"name":"wp","href":"https:\/\/api.w.org\/{rel}","templated":true}]}}