{"id":313640,"date":"2021-12-03T23:31:26","date_gmt":"2021-12-04T03:31:26","guid":{"rendered":"http:\/\/diariodominicano.com\/?p=313640"},"modified":"2021-12-03T23:34:27","modified_gmt":"2021-12-04T03:34:27","slug":"saluda-juramentacion-directiva-cdp-puerto-rico-y-desea-exitos-a-hector-julio-hernandez-y-sus-colegas-directivos","status":"publish","type":"post","link":"https:\/\/diariodominicano.com\/?p=313640","title":{"rendered":"Rafael Polanco saluda juramentaci\u00f3n directiva CDP Puerto Rico y desea \u00e9xitos a H\u00e9ctor Julio Hern\u00e1ndez"},"content":{"rendered":"\n<p>diariodominicano.com<\/p>\n\n\n\n<p>Santo Domingo, R. D., 3 de diciembre, 2021.-  La nueva directiva de la filial del Colegio Dominicano de Periodistas (CDP) en Puerto Rico fue juramentada el pasado jueves, encabezada por H\u00e9ctor Julio Hern\u00e1ndez, quien repite como secretario general del gremio.<\/p>\n\n\n\n<p>La directiva la integran, adem\u00e1s, Luis Dalmau Dom\u00ednguez, secretario de organizaci\u00f3n, C\u00e9sar Ram\u00edrez, tesorero, Luis Ovidio Sigar\u00e1n y Freddy Bautista, vocales, quienes fueron Juramentados por el Juez Asociado del Tribunal Supremo de PR, Erick Kolthoff.<\/p>\n\n\n\n<p>El proceso electoral en Puerto Rico fue organizado por la comisi\u00f3n electoral escogida en asamblea por los periodistas dominicanos residentes en Borinquen y tuvo como presidente a Nelson del Castillo, vicepresidente a H\u00e9ctor Rafael Pe\u00f1a, secretaria Ana Marchena y Jos\u00e9 Mercedes, como miembro en representaci\u00f3n de la comunidad.<\/p>\n\n\n\n<p>El periodista Rafael Polanco felicit\u00f3 a la nueva directiva del CDP en Puerto Rico y le dese\u00f3 \u00e9xito, al tiempo que record\u00f3 que esa fue una de las pocas filiales del gremio en la que hubo qu\u00f3rum en la elecci\u00f3n de sus directivos, pues de 25 miembros votaron 18, todos por la plancha \u00fanica que encabez\u00f3 el periodista Hern\u00e1ndez.<\/p>\n\n\n\n<p>Polanco agradeci\u00f3, por igual, el gesto de solidaridad que tuvieron sus colegas hacia su persona cuando fue impedido de participar como candidato en las pasadas elecciones nacionales realizadas el 27 de agosto, cuyos resultados fueron impugnados por los movimientos Raphy Dur\u00e1n y Juan And\u00fajar, por cuanto no vot\u00f3 la mitad m\u00e1s uno de los miembros como mandan los reglamentos interno y electoral del CDP.<\/p>\n\n\n\n<p>Resalt\u00f3 que la filial de Puerto Rico fue la \u00fanica que s\u00f3lo permiti\u00f3 votar para elegir la directiva del gremio en la isla del encanto y excluy\u00f3 del proceso la votaci\u00f3n para el nivel nacional por considerarlo ileg\u00edtimo y adulterado al no permitir la participaci\u00f3n de una de las planchas que buscaban terciar en los comicios.<\/p>\n\n\n\n<p>La juramentaci\u00f3n de H\u00e9ctor Julio Hern\u00e1ndez y los periodistas que le acompa\u00f1an en la direcci\u00f3n del CDP en Puerto Rico, se realiz\u00f3 en la sede del Colegio de M\u00e9dicos Cirujanos de Puerto Rico, en San Juan, la capital de la vecina isla.<\/p>\n\n\n\n<p>Polanco encabez\u00f3 la plancha Transformaci\u00f3n y \u00c9tica, que buscaba participar en las elecciones nacionales del CDP y que fue impedida bajo el alegato de que el candidato a presidir el gremio no era miembro de la entidad, pese a ser fundador del Colegio.<\/p>\n\n\n\n<p>La plancha fue aceptada en principio por la Comisi\u00f3n Nacional Electoral, luego se aleg\u00f3 que no pod\u00edan participar, afectando con esa decisi\u00f3n no solo a Polanco, sino tambi\u00e9n a los 24 candidatos que le acompa\u00f1aban y que ninguno de ellos fue objetado.<\/p>\n\n\n\n<p>Las elecciones fueron impugnadas y est\u00e1 pendiente que el caso sea ventilado en el Tribunal Superior Administrativo que deber\u00e1 decidir sobre el resultado de los comicios.<\/p>\n\n\n\n<figure class=\"wp-block-table\"><table><tbody><tr><td>Fuente:  <strong>Rafael Alfredo Polanco Peralta<\/strong><\/td><\/tr><\/tbody><\/table><\/figure>\n\n\n\n<p><\/p>\n","protected":false},"excerpt":{"rendered":"<p>diariodominicano.com Santo Domingo, R. D., 3 de diciembre, 2021.- La nueva directiva de la filial del Colegio Dominicano de Periodistas (CDP) en Puerto Rico fue juramentada el pasado jueves, encabezada por H\u00e9ctor Julio Hern\u00e1ndez, quien repite como secretario general del gremio. La directiva la integran, adem\u00e1s, Luis Dalmau Dom\u00ednguez, secretario de organizaci\u00f3n, C\u00e9sar Ram\u00edrez, tesorero, [&hellip;]<\/p>\n","protected":false},"author":5,"featured_media":313645,"comment_status":"closed","ping_status":"","sticky":true,"template":"","format":"standard","meta":{"footnotes":""},"categories":[20,27],"tags":[],"class_list":["post-313640","post","type-post","status-publish","format-standard","has-post-thumbnail","hentry","category-dominicana-hoy","category-portada"],"_links":{"self":[{"href":"https:\/\/diariodominicano.com\/index.php?rest_route=\/wp\/v2\/posts\/313640","targetHints":{"allow":["GET"]}}],"collection":[{"href":"https:\/\/diariodominicano.com\/index.php?rest_route=\/wp\/v2\/posts"}],"about":[{"href":"https:\/\/diariodominicano.com\/index.php?rest_route=\/wp\/v2\/types\/post"}],"author":[{"embeddable":true,"href":"https:\/\/diariodominicano.com\/index.php?rest_route=\/wp\/v2\/users\/5"}],"replies":[{"embeddable":true,"href":"https:\/\/diariodominicano.com\/index.php?rest_route=%2Fwp%2Fv2%2Fcomments&post=313640"}],"version-history":[{"count":3,"href":"https:\/\/diariodominicano.com\/index.php?rest_route=\/wp\/v2\/posts\/313640\/revisions"}],"predecessor-version":[{"id":313651,"href":"https:\/\/diariodominicano.com\/index.php?rest_route=\/wp\/v2\/posts\/313640\/revisions\/313651"}],"wp:featuredmedia":[{"embeddable":true,"href":"https:\/\/diariodominicano.com\/index.php?rest_route=\/wp\/v2\/media\/313645"}],"wp:attachment":[{"href":"https:\/\/diariodominicano.com\/index.php?rest_route=%2Fwp%2Fv2%2Fmedia&parent=313640"}],"wp:term":[{"taxonomy":"category","embeddable":true,"href":"https:\/\/diariodominicano.com\/index.php?rest_route=%2Fwp%2Fv2%2Fcategories&post=313640"},{"taxonomy":"post_tag","embeddable":true,"href":"https:\/\/diariodominicano.com\/index.php?rest_route=%2Fwp%2Fv2%2Ftags&post=313640"}],"curies":[{"name":"wp","href":"https:\/\/api.w.org\/{rel}","templated":true}]}}