{"id":313629,"date":"2021-12-03T23:14:41","date_gmt":"2021-12-04T03:14:41","guid":{"rendered":"http:\/\/diariodominicano.com\/?p=313629"},"modified":"2021-12-03T23:14:41","modified_gmt":"2021-12-04T03:14:41","slug":"presidente-abinader-emite-decreto-que-dispone-erigir-un-mausoleo-en-honor-a-enriquillo","status":"publish","type":"post","link":"https:\/\/diariodominicano.com\/?p=313629","title":{"rendered":"Presidente Abinader emite decreto que dispone erigir un mausoleo en honor a Enriquillo"},"content":{"rendered":"\n<p>diariodominicano.com<\/p>\n\n\n\n<p>Santo Domingo, R. D.,  3 de diciembre, 2021.- El presidente Luis Abinader emiti\u00f3 este viernes el Decreto\u00a0<a href=\"https:\/\/presidencia.gob.do\/decretos\/decreto-783-21\">783-21<\/a>\u00a0que dispone erigir un mausoleo en honor a Enriquillo y crear una comisi\u00f3n especial que se encargar\u00e1 de coordinar y realizar las disposiciones establecidas.<\/p>\n\n\n\n<p>Asimismo, esta ordenanza instruye al Ministerio de Educaci\u00f3n la creaci\u00f3n de una c\u00e1tedra dedicada exclusivamente a la vida de Enriquillo, la cual deber\u00e1 ser impartida en todas las escuelas p\u00fablicas de la Rep\u00fablica Dominicana.<\/p>\n\n\n\n<p>De igual modo, instruye a los Ministerios de Educaci\u00f3n y de Cultura, as\u00ed como a la Comisi\u00f3n Permanente de Efem\u00e9rides Patrias a conmemorar el D\u00eda de Enriquillo cada 27 de septiembre, aniversario de su muerte.<\/p>\n\n\n\n<p>Fuente: Direcci\u00f3n de Estrategia y Comunicaci\u00f3n Gubernamental<\/p>\n\n\n\n<p>Ministerio Administrativo de la Presidencia de la Rep\u00fablica Dominicana<\/p>\n","protected":false},"excerpt":{"rendered":"<p>diariodominicano.com Santo Domingo, R. D., 3 de diciembre, 2021.- El presidente Luis Abinader emiti\u00f3 este viernes el Decreto\u00a0783-21\u00a0que dispone erigir un mausoleo en honor a Enriquillo y crear una comisi\u00f3n especial que se encargar\u00e1 de coordinar y realizar las disposiciones establecidas. Asimismo, esta ordenanza instruye al Ministerio de Educaci\u00f3n la creaci\u00f3n de una c\u00e1tedra dedicada [&hellip;]<\/p>\n","protected":false},"author":5,"featured_media":313638,"comment_status":"closed","ping_status":"","sticky":true,"template":"","format":"standard","meta":{"footnotes":""},"categories":[20,27],"tags":[],"class_list":["post-313629","post","type-post","status-publish","format-standard","has-post-thumbnail","hentry","category-dominicana-hoy","category-portada"],"_links":{"self":[{"href":"https:\/\/diariodominicano.com\/index.php?rest_route=\/wp\/v2\/posts\/313629","targetHints":{"allow":["GET"]}}],"collection":[{"href":"https:\/\/diariodominicano.com\/index.php?rest_route=\/wp\/v2\/posts"}],"about":[{"href":"https:\/\/diariodominicano.com\/index.php?rest_route=\/wp\/v2\/types\/post"}],"author":[{"embeddable":true,"href":"https:\/\/diariodominicano.com\/index.php?rest_route=\/wp\/v2\/users\/5"}],"replies":[{"embeddable":true,"href":"https:\/\/diariodominicano.com\/index.php?rest_route=%2Fwp%2Fv2%2Fcomments&post=313629"}],"version-history":[{"count":1,"href":"https:\/\/diariodominicano.com\/index.php?rest_route=\/wp\/v2\/posts\/313629\/revisions"}],"predecessor-version":[{"id":313639,"href":"https:\/\/diariodominicano.com\/index.php?rest_route=\/wp\/v2\/posts\/313629\/revisions\/313639"}],"wp:featuredmedia":[{"embeddable":true,"href":"https:\/\/diariodominicano.com\/index.php?rest_route=\/wp\/v2\/media\/313638"}],"wp:attachment":[{"href":"https:\/\/diariodominicano.com\/index.php?rest_route=%2Fwp%2Fv2%2Fmedia&parent=313629"}],"wp:term":[{"taxonomy":"category","embeddable":true,"href":"https:\/\/diariodominicano.com\/index.php?rest_route=%2Fwp%2Fv2%2Fcategories&post=313629"},{"taxonomy":"post_tag","embeddable":true,"href":"https:\/\/diariodominicano.com\/index.php?rest_route=%2Fwp%2Fv2%2Ftags&post=313629"}],"curies":[{"name":"wp","href":"https:\/\/api.w.org\/{rel}","templated":true}]}}